{"id":118626,"date":"2024-06-16T10:35:26","date_gmt":"2024-06-16T13:35:26","guid":{"rendered":"https:\/\/cdnoticias.com\/?p=118626"},"modified":"2024-06-16T12:02:51","modified_gmt":"2024-06-16T15:02:51","slug":"con-precision-cuando-empieza-el-invierno","status":"publish","type":"post","link":"https:\/\/cdnoticias.com\/index.php\/2024\/06\/16\/con-precision-cuando-empieza-el-invierno\/","title":{"rendered":"Con precisi\u00f3n, \u00bfcu\u00e1ndo empieza el invierno?"},"content":{"rendered":"<p>El \u201csolsticio de invierno\u201d marcar\u00e1 esta semana el inicio de la estaci\u00f3n del a\u00f1o m\u00e1s fr\u00eda. Durar\u00e1 hasta el 22 de septiembre, cuando llegue la primavera.<!--more--><\/p>\n<hr \/>\n<p><strong>Este jueves 20 de junio a las 5 de la tarde y 51 minutos comenzar\u00e1 el invierno en Argentina.<\/strong> En ese momento se producir\u00e1 el <strong>\u201csolsticio de invierno\u201d<\/strong> que marcar\u00e1 en el pa\u00eds pasar del oto\u00f1o a la estaci\u00f3n m\u00e1s fr\u00eda del a\u00f1o. Esta se extender\u00e1 <strong>hasta el 22 de septiembre a las 9.44 de la ma\u00f1ana<\/strong>, cuando con el equinoccio llegue la primavera.<\/p>\n<p>Seg\u00fan explica el <a href=\"https:\/\/www.hidro.gov.ar\/observatorio\/Astronomia.asp?op=7\" target=\"_blank\" rel=\"noopener\">Servicio de Hidrograf\u00eda Naval<\/a>, equinoccios y solsticios marcan el <strong>comienzo de las estaciones astron\u00f3micas, cuyas fechas no coinciden a\u00f1o tras a\u00f1o<\/strong>. Esto se debe a que el <strong>a\u00f1o tr\u00f3pico<\/strong>, intervalo de tiempo entre dos pasos sucesivos del Sol por el equinoccio vernal, igual a 365.2422 d\u00edas solares medios, no es divisible con el a\u00f1o del calendario gregoriano, de 365.2425 d\u00edas solares medios. Pero <strong>solo despu\u00e9s de un ciclo de 400 a\u00f1os las estaciones vuelven a comenzar en los mismos d\u00edas<\/strong>, aproximadamente.<\/p>\n<p>Con la llegada del invierno este jueves, atr\u00e1s quedar\u00e1 el oto\u00f1o que se inici\u00f3 el 20 marzo, apenas 6 minutos despu\u00e9s de la medianoche. Con invierno entre el 20 de junio y el 22 de septiembre, ese d\u00eda 9.44 comenzar\u00e1 la primavera, que se extender\u00e1 hasta el 21 de diciembre a las 6.21, cuando el \u201csolsticio de verano\u201d marque, justamente, el inicio de la estaci\u00f3n m\u00e1s calurosa.<\/p>\n<h4>Equinoccios y Solsticios 2024 en Hora Oficial Argentina<\/h4>\n<ul>\n<li><strong>Equinoccios<\/strong><\/li>\n<\/ul>\n<p>De marzo: 20d 00h 06m<\/p>\n<p>De septiembre: 22d 09h 44m<\/p>\n<ul>\n<li><strong>Solsticios<\/strong><\/li>\n<\/ul>\n<p>De junio: 20d 17h 51m<\/p>\n<p>De diciembre: 21d 06h 21m<\/p>\n<p>Fuente: <em>Agencia DIB<\/em><\/p>\n","protected":false},"excerpt":{"rendered":"<p>El \u201csolsticio de invierno\u201d marcar\u00e1 esta semana el inicio de la estaci\u00f3n del a\u00f1o m\u00e1s fr\u00eda. Durar\u00e1 hasta el 22<\/p>\n","protected":false},"author":4,"featured_media":88073,"comment_status":"closed","ping_status":"closed","sticky":false,"template":"","format":"standard","meta":{"_jetpack_memberships_contains_paid_content":false,"footnotes":""},"categories":[6,1],"tags":[],"class_list":["post-118626","post","type-post","status-publish","format-standard","has-post-thumbnail","hentry","category-nacionales","category-portada"],"jetpack_featured_media_url":"https:\/\/i0.wp.com\/cdnoticias.com\/wp-content\/uploads\/2023\/06\/telam-invierno-frio-0.jpg?fit=800%2C445&ssl=1","jetpack_sharing_enabled":true,"_links":{"self":[{"href":"https:\/\/cdnoticias.com\/index.php\/wp-json\/wp\/v2\/posts\/118626","targetHints":{"allow":["GET"]}}],"collection":[{"href":"https:\/\/cdnoticias.com\/index.php\/wp-json\/wp\/v2\/posts"}],"about":[{"href":"https:\/\/cdnoticias.com\/index.php\/wp-json\/wp\/v2\/types\/post"}],"author":[{"embeddable":true,"href":"https:\/\/cdnoticias.com\/index.php\/wp-json\/wp\/v2\/users\/4"}],"replies":[{"embeddable":true,"href":"https:\/\/cdnoticias.com\/index.php\/wp-json\/wp\/v2\/comments?post=118626"}],"version-history":[{"count":0,"href":"https:\/\/cdnoticias.com\/index.php\/wp-json\/wp\/v2\/posts\/118626\/revisions"}],"wp:featuredmedia":[{"embeddable":true,"href":"https:\/\/cdnoticias.com\/index.php\/wp-json\/wp\/v2\/media\/88073"}],"wp:attachment":[{"href":"https:\/\/cdnoticias.com\/index.php\/wp-json\/wp\/v2\/media?parent=118626"}],"wp:term":[{"taxonomy":"category","embeddable":true,"href":"https:\/\/cdnoticias.com\/index.php\/wp-json\/wp\/v2\/categories?post=118626"},{"taxonomy":"post_tag","embeddable":true,"href":"https:\/\/cdnoticias.com\/index.php\/wp-json\/wp\/v2\/tags?post=118626"}],"curies":[{"name":"wp","href":"https:\/\/api.w.org\/{rel}","templated":true}]}}