{"id":118618,"date":"2024-06-15T20:25:39","date_gmt":"2024-06-15T23:25:39","guid":{"rendered":"https:\/\/cdnoticias.com\/?p=118618"},"modified":"2024-06-15T20:25:40","modified_gmt":"2024-06-15T23:25:40","slug":"alidia-vicente-lela-bisa-q-e-p-d","status":"publish","type":"post","link":"https:\/\/cdnoticias.com\/index.php\/2024\/06\/15\/alidia-vicente-lela-bisa-q-e-p-d\/","title":{"rendered":"Alidia Vicente \u201cLela\u201d \u201cBisa\u201d (Q.E.P.D.)"},"content":{"rendered":"<p>Falleci\u00f3 en Olavarr\u00eda el d\u00eda 15 de junio de 2024 a los 87 a\u00f1os de edad.<\/p>\n<p>Su hija Estela Aguirre. Su nieta Berenice Rizzo. Su nieto pol\u00edtico Lucas Ayestaran. Su bisnieto Iker Ayestaran Rizzo. Sus hermanas. Sus hermanas pol\u00edticas. Sus sobrinos y dem\u00e1s deudos participan de su fallecimiento.<\/p>\n<p>Sin velatorio. Responso: Sala de Espa\u00f1a 2942 Dto \u201cD\u201d 16\/6\/2024  a las 9:30. Inhumaci\u00f3n: Cementerio Loma de Paz, domingo 16 a las 10:30. Servicio adherido a Coopelectric.<\/p>\n<p>Barrio en el que viv\u00eda: CECO 1<\/p>\n<p>Actividad que desarrollaba: Jubilada<\/p>\n<p>Se ruega no enviar flores y destinar su importe a alguna instituci\u00f3n de beneficencia.<\/p>\n","protected":false},"excerpt":{"rendered":"<p>Falleci\u00f3 en Olavarr\u00eda el d\u00eda 15 de junio de 2024 a los 87 a\u00f1os de edad. Su hija Estela Aguirre.<\/p>\n","protected":false},"author":4,"featured_media":51544,"comment_status":"closed","ping_status":"closed","sticky":false,"template":"","format":"standard","meta":{"_jetpack_memberships_contains_paid_content":false,"footnotes":""},"categories":[10],"tags":[],"class_list":["post-118618","post","type-post","status-publish","format-standard","has-post-thumbnail","hentry","category-necrologicas"],"jetpack_featured_media_url":"https:\/\/i0.wp.com\/cdnoticias.com\/wp-content\/uploads\/2022\/04\/necrologicas-390-x-240.jpg?fit=390%2C240&ssl=1","jetpack_sharing_enabled":true,"_links":{"self":[{"href":"https:\/\/cdnoticias.com\/index.php\/wp-json\/wp\/v2\/posts\/118618","targetHints":{"allow":["GET"]}}],"collection":[{"href":"https:\/\/cdnoticias.com\/index.php\/wp-json\/wp\/v2\/posts"}],"about":[{"href":"https:\/\/cdnoticias.com\/index.php\/wp-json\/wp\/v2\/types\/post"}],"author":[{"embeddable":true,"href":"https:\/\/cdnoticias.com\/index.php\/wp-json\/wp\/v2\/users\/4"}],"replies":[{"embeddable":true,"href":"https:\/\/cdnoticias.com\/index.php\/wp-json\/wp\/v2\/comments?post=118618"}],"version-history":[{"count":0,"href":"https:\/\/cdnoticias.com\/index.php\/wp-json\/wp\/v2\/posts\/118618\/revisions"}],"wp:featuredmedia":[{"embeddable":true,"href":"https:\/\/cdnoticias.com\/index.php\/wp-json\/wp\/v2\/media\/51544"}],"wp:attachment":[{"href":"https:\/\/cdnoticias.com\/index.php\/wp-json\/wp\/v2\/media?parent=118618"}],"wp:term":[{"taxonomy":"category","embeddable":true,"href":"https:\/\/cdnoticias.com\/index.php\/wp-json\/wp\/v2\/categories?post=118618"},{"taxonomy":"post_tag","embeddable":true,"href":"https:\/\/cdnoticias.com\/index.php\/wp-json\/wp\/v2\/tags?post=118618"}],"curies":[{"name":"wp","href":"https:\/\/api.w.org\/{rel}","templated":true}]}}