{"id":118611,"date":"2024-06-15T19:50:56","date_gmt":"2024-06-15T22:50:56","guid":{"rendered":"https:\/\/cdnoticias.com\/?p=118611"},"modified":"2024-06-16T11:21:08","modified_gmt":"2024-06-16T14:21:08","slug":"fue-hallada-la-mujer-azulena-desaparecida","status":"publish","type":"post","link":"https:\/\/cdnoticias.com\/index.php\/2024\/06\/15\/fue-hallada-la-mujer-azulena-desaparecida\/","title":{"rendered":"Fue hallada la mujer azule\u00f1a desaparecida"},"content":{"rendered":"<p>Desde la Sub DDI de Olavarr\u00eda se inform\u00f3 que fue encontrada en nuestra ciudad.<!--more--><\/p>\n<hr \/>\n<p>Ese s\u00e1bado se denunci\u00f3 en nuestra ciudad la <strong>desaparici\u00f3n de una mujer azule\u00f1a<\/strong>. Fuentes de la investigaci\u00f3n confirmaron que<strong> la joven fue hallada.<\/strong><\/p>\n<p>La mujer, desaparecida en Azul este viernes, donde tiene domicilio, <strong>fue encontrada por efectivos de la Sub DDI local<\/strong> desde donde se hab\u00eda difundido la b\u00fasqueda.<\/p>\n<p><strong>La investigaci\u00f3n de la desaparici\u00f3n hab\u00eda establecido que el \u00faltimo contacto hab\u00eda sido en Olavarr\u00eda<\/strong> por lo que se radic\u00f3 una denuncia en la Comisar\u00eda Primera de nuestra ciudad. Las actuaciones se llevaron adelante bajo la car\u00e1tula de \u201caveriguaci\u00f3n de paradero\u201d en la UFI N\u00ba 4 de Olavarr\u00eda.<\/p>\n","protected":false},"excerpt":{"rendered":"<p>Desde la Sub DDI de Olavarr\u00eda se inform\u00f3 que fue encontrada en nuestra ciudad.<\/p>\n","protected":false},"author":4,"featured_media":56391,"comment_status":"closed","ping_status":"closed","sticky":false,"template":"","format":"standard","meta":{"_jetpack_memberships_contains_paid_content":false,"footnotes":""},"categories":[14],"tags":[],"class_list":["post-118611","post","type-post","status-publish","format-standard","has-post-thumbnail","hentry","category-policiales"],"jetpack_featured_media_url":"https:\/\/i0.wp.com\/cdnoticias.com\/wp-content\/uploads\/2022\/06\/SubDDI.jpeg?fit=1040%2C780&ssl=1","jetpack_sharing_enabled":true,"_links":{"self":[{"href":"https:\/\/cdnoticias.com\/index.php\/wp-json\/wp\/v2\/posts\/118611","targetHints":{"allow":["GET"]}}],"collection":[{"href":"https:\/\/cdnoticias.com\/index.php\/wp-json\/wp\/v2\/posts"}],"about":[{"href":"https:\/\/cdnoticias.com\/index.php\/wp-json\/wp\/v2\/types\/post"}],"author":[{"embeddable":true,"href":"https:\/\/cdnoticias.com\/index.php\/wp-json\/wp\/v2\/users\/4"}],"replies":[{"embeddable":true,"href":"https:\/\/cdnoticias.com\/index.php\/wp-json\/wp\/v2\/comments?post=118611"}],"version-history":[{"count":0,"href":"https:\/\/cdnoticias.com\/index.php\/wp-json\/wp\/v2\/posts\/118611\/revisions"}],"wp:featuredmedia":[{"embeddable":true,"href":"https:\/\/cdnoticias.com\/index.php\/wp-json\/wp\/v2\/media\/56391"}],"wp:attachment":[{"href":"https:\/\/cdnoticias.com\/index.php\/wp-json\/wp\/v2\/media?parent=118611"}],"wp:term":[{"taxonomy":"category","embeddable":true,"href":"https:\/\/cdnoticias.com\/index.php\/wp-json\/wp\/v2\/categories?post=118611"},{"taxonomy":"post_tag","embeddable":true,"href":"https:\/\/cdnoticias.com\/index.php\/wp-json\/wp\/v2\/tags?post=118611"}],"curies":[{"name":"wp","href":"https:\/\/api.w.org\/{rel}","templated":true}]}}