{"id":11854,"date":"2021-01-20T12:16:46","date_gmt":"2021-01-20T15:16:46","guid":{"rendered":"http:\/\/www.centraldenoticias.com.ar\/?p=11854"},"modified":"2021-01-20T19:23:53","modified_gmt":"2021-01-20T22:23:53","slug":"esta-en-grave-estado-el-hombre-accidentado-en-colon-y-san-lorenzo","status":"publish","type":"post","link":"https:\/\/cdnoticias.com\/index.php\/2021\/01\/20\/esta-en-grave-estado-el-hombre-accidentado-en-colon-y-san-lorenzo\/","title":{"rendered":"Est\u00e1 en grave estado el hombre accidentado en Col\u00f3n y San Lorenzo"},"content":{"rendered":"<p>Circulaba en una bicimoto y fue arrollado por un auto. El conductor del rodado menor sufri\u00f3 un golpe en la cabeza y qued\u00f3 internado.<!--more--><\/p>\n<hr \/>\n<p>Un <strong>siniestro vial de violentas caracter\u00edsticas<\/strong> se produjo en la ma\u00f1ana de este mi\u00e9rcoles <strong>en el cruce de Col\u00f3n y San Lorenzo<\/strong>.<\/p>\n<p>Seg\u00fan se detall\u00f3 por fuentes policiales,<strong> se vieron involucrados una bicimoto, en la que transitaba un hombre de 74 a\u00f1os, y un auto Fiat Mobi, que conduc\u00eda una mujer de 31 a\u00f1os<\/strong>.<\/p>\n<blockquote><p>Producto del impacto, el conductor del rodado menor sufri\u00f3 lesiones graves y qued\u00f3 internado en el Hospital Municipal.<\/p><\/blockquote>\n<p><img data-recalc-dims=\"1\" loading=\"lazy\" decoding=\"async\" class=\"aligncenter wp-image-11857\" src=\"https:\/\/i0.wp.com\/cdnoticias.com\/wp-content\/uploads\/2021\/01\/choquecolonysanlorenzo-web01.jpg?resize=800%2C466&#038;ssl=1\" alt=\"\" width=\"800\" height=\"466\" srcset=\"https:\/\/i0.wp.com\/cdnoticias.com\/wp-content\/uploads\/2021\/01\/choquecolonysanlorenzo-web01.jpg?resize=300%2C175&amp;ssl=1 300w, https:\/\/i0.wp.com\/cdnoticias.com\/wp-content\/uploads\/2021\/01\/choquecolonysanlorenzo-web01.jpg?resize=768%2C448&amp;ssl=1 768w, https:\/\/i0.wp.com\/cdnoticias.com\/wp-content\/uploads\/2021\/01\/choquecolonysanlorenzo-web01.jpg?w=942&amp;ssl=1 942w\" sizes=\"auto, (max-width: 800px) 100vw, 800px\" \/><\/p>\n<p>En tanto, desde el \u00e1rea de salud, se pudo confirmar que <strong>el hombre fue alojado en Terapia Intensiva<\/strong>\u00a0y que <strong>presenta \u201ctraumatismo encefalocraneano grave\u201d<\/strong>.<\/p>\n<p>En el lugar del siniestro intervino personal policial del CPO que cort\u00f3 el tr\u00e1nsito y colabor\u00f3 con la asistencia de la v\u00edctima. A su vez, fue convocada la divisi\u00f3n Polic\u00eda Cient\u00edfica para trabajar en la toma de huellas y pericias.<\/p>\n","protected":false},"excerpt":{"rendered":"<p>Circulaba en una bicimoto y fue arrollado por un auto. El conductor del rodado menor sufri\u00f3 un golpe en la<\/p>\n","protected":false},"author":4,"featured_media":11856,"comment_status":"closed","ping_status":"closed","sticky":false,"template":"","format":"standard","meta":{"_jetpack_memberships_contains_paid_content":false,"footnotes":""},"categories":[14,1],"tags":[],"class_list":["post-11854","post","type-post","status-publish","format-standard","has-post-thumbnail","hentry","category-policiales","category-portada"],"jetpack_featured_media_url":"https:\/\/i0.wp.com\/cdnoticias.com\/wp-content\/uploads\/2021\/01\/choquecolonysanlorenzo-web00.jpg?fit=951%2C531&ssl=1","jetpack_sharing_enabled":true,"_links":{"self":[{"href":"https:\/\/cdnoticias.com\/index.php\/wp-json\/wp\/v2\/posts\/11854","targetHints":{"allow":["GET"]}}],"collection":[{"href":"https:\/\/cdnoticias.com\/index.php\/wp-json\/wp\/v2\/posts"}],"about":[{"href":"https:\/\/cdnoticias.com\/index.php\/wp-json\/wp\/v2\/types\/post"}],"author":[{"embeddable":true,"href":"https:\/\/cdnoticias.com\/index.php\/wp-json\/wp\/v2\/users\/4"}],"replies":[{"embeddable":true,"href":"https:\/\/cdnoticias.com\/index.php\/wp-json\/wp\/v2\/comments?post=11854"}],"version-history":[{"count":0,"href":"https:\/\/cdnoticias.com\/index.php\/wp-json\/wp\/v2\/posts\/11854\/revisions"}],"wp:featuredmedia":[{"embeddable":true,"href":"https:\/\/cdnoticias.com\/index.php\/wp-json\/wp\/v2\/media\/11856"}],"wp:attachment":[{"href":"https:\/\/cdnoticias.com\/index.php\/wp-json\/wp\/v2\/media?parent=11854"}],"wp:term":[{"taxonomy":"category","embeddable":true,"href":"https:\/\/cdnoticias.com\/index.php\/wp-json\/wp\/v2\/categories?post=11854"},{"taxonomy":"post_tag","embeddable":true,"href":"https:\/\/cdnoticias.com\/index.php\/wp-json\/wp\/v2\/tags?post=11854"}],"curies":[{"name":"wp","href":"https:\/\/api.w.org\/{rel}","templated":true}]}}