{"id":118531,"date":"2024-06-15T10:30:22","date_gmt":"2024-06-15T13:30:22","guid":{"rendered":"https:\/\/cdnoticias.com\/?p=118531"},"modified":"2024-06-15T10:30:24","modified_gmt":"2024-06-15T13:30:24","slug":"fiesta-de-la-musica-y-la-creatividad-en-la-alianza-francesa-olavarria","status":"publish","type":"post","link":"https:\/\/cdnoticias.com\/index.php\/2024\/06\/15\/fiesta-de-la-musica-y-la-creatividad-en-la-alianza-francesa-olavarria\/","title":{"rendered":"Fiesta de la M\u00fasica y la Creatividad en la Alianza Francesa Olavarr\u00eda"},"content":{"rendered":"\n<p>Ser\u00e1 el pr\u00f3ximo 22 de junio. Los interesados en participar se pueden anotar hasta el mi\u00e9rcoles 19 de junio.<\/p>\n\n\n\n<hr class=\"wp-block-separator has-alpha-channel-opacity\"\/>\n\n\n\n<p>La Alianza Francesa Olavarr\u00eda invita a la comunidad a participar de manera libre y gratuita de una nueva edici\u00f3n de la <strong>Fiesta de la M\u00fasica y la Creatividad el s\u00e1bado 22 de junio desde las 17:00 en Dorrego 3161.<\/strong><\/p>\n\n\n\n<p><\/p>\n\n\n\n<p>Los artistas interesados en participar (m\u00fasica, artesan\u00edas, danzas, pintura, etc.) se pueden anotar<strong> hasta el mi\u00e9rcoles 19 de junio hasta las 12 horas<\/strong> a trav\u00e9s de las siguientes v\u00edas de comunicaci\u00f3n:<\/p>\n\n\n\n<p><\/p>\n\n\n\n<p><strong>Facebook: <\/strong>Alianza Francesa Olavarr\u00eda<br><strong>Instagram:<\/strong> @alianzafrancesaolavarria<br><strong>Mail:<\/strong> alianzafrancesaolavarria@gmail.com<\/p>\n\n\n\n<p><\/p>\n\n\n\n<p>El Festival de la M\u00fasica y la Creatividad es un<strong> gran evento popular gratuito<\/strong> abierto a todos los m\u00fasicos, aficionados de todos los niveles o profesionales, celebra la m\u00fasica viva y pone de relieve la amplitud y diversidad de las pr\u00e1cticas musicales, as\u00ed como todos los g\u00e9neros musicales y art\u00edsticos.<\/p>\n\n\n\n<p><\/p>\n\n\n\n<p>Est\u00e1 dirigido a todos los p\u00fablicos y ayuda a familiarizar a j\u00f3venes y mayores de todos los or\u00edgenes sociales con todas las expresiones art\u00edsticas.<\/p>\n\n\n\n<p><\/p>\n\n\n\n<p>La Alianza Francesa de Olavarr\u00eda como la <strong>Red de Alianzas Francesas de Argentina<\/strong> se suman a estos festejos.<\/p>\n","protected":false},"excerpt":{"rendered":"<p>Ser\u00e1 el pr\u00f3ximo 22 de junio. Los interesados en participar se pueden anotar hasta el mi\u00e9rcoles 19 de junio. La<\/p>\n","protected":false},"author":2,"featured_media":118532,"comment_status":"closed","ping_status":"closed","sticky":false,"template":"","format":"standard","meta":{"_jetpack_memberships_contains_paid_content":false,"footnotes":""},"categories":[9,1],"tags":[],"class_list":["post-118531","post","type-post","status-publish","format-standard","has-post-thumbnail","hentry","category-cultura","category-portada"],"jetpack_featured_media_url":"https:\/\/i0.wp.com\/cdnoticias.com\/wp-content\/uploads\/2024\/06\/Fiesta-de-la-Musica-y-la-Creatividad.-2024.jpg?fit=800%2C445&ssl=1","jetpack_sharing_enabled":true,"_links":{"self":[{"href":"https:\/\/cdnoticias.com\/index.php\/wp-json\/wp\/v2\/posts\/118531","targetHints":{"allow":["GET"]}}],"collection":[{"href":"https:\/\/cdnoticias.com\/index.php\/wp-json\/wp\/v2\/posts"}],"about":[{"href":"https:\/\/cdnoticias.com\/index.php\/wp-json\/wp\/v2\/types\/post"}],"author":[{"embeddable":true,"href":"https:\/\/cdnoticias.com\/index.php\/wp-json\/wp\/v2\/users\/2"}],"replies":[{"embeddable":true,"href":"https:\/\/cdnoticias.com\/index.php\/wp-json\/wp\/v2\/comments?post=118531"}],"version-history":[{"count":0,"href":"https:\/\/cdnoticias.com\/index.php\/wp-json\/wp\/v2\/posts\/118531\/revisions"}],"wp:featuredmedia":[{"embeddable":true,"href":"https:\/\/cdnoticias.com\/index.php\/wp-json\/wp\/v2\/media\/118532"}],"wp:attachment":[{"href":"https:\/\/cdnoticias.com\/index.php\/wp-json\/wp\/v2\/media?parent=118531"}],"wp:term":[{"taxonomy":"category","embeddable":true,"href":"https:\/\/cdnoticias.com\/index.php\/wp-json\/wp\/v2\/categories?post=118531"},{"taxonomy":"post_tag","embeddable":true,"href":"https:\/\/cdnoticias.com\/index.php\/wp-json\/wp\/v2\/tags?post=118531"}],"curies":[{"name":"wp","href":"https:\/\/api.w.org\/{rel}","templated":true}]}}