{"id":118525,"date":"2024-06-14T12:11:40","date_gmt":"2024-06-14T15:11:40","guid":{"rendered":"https:\/\/cdnoticias.com\/?p=118525"},"modified":"2024-06-14T17:31:45","modified_gmt":"2024-06-14T20:31:45","slug":"el-municipio-anuncio-nueva-suba-del-boleto-del-transporte-publico","status":"publish","type":"post","link":"https:\/\/cdnoticias.com\/index.php\/2024\/06\/14\/el-municipio-anuncio-nueva-suba-del-boleto-del-transporte-publico\/","title":{"rendered":"El Municipio anunci\u00f3 nueva suba del boleto del transporte p\u00fablico"},"content":{"rendered":"<p>Lo pidieron las empresas. El boleto urbano pasar\u00e1 a 734 pesos. En la l\u00ednea interurbana, desde Olavarr\u00eda costar\u00e1 a Loma Negra 708 pesos, a Sierras Bayas 780 pesos, a Sierra Chica 660 pesos y a Hinojo 722 pesos.<!--more--><\/p>\n<hr \/>\n<p><strong>El Municipio<\/strong> anunci\u00f3 este viernes <strong>cambios tarifarios en el transporte p\u00fablico de pasajeros<\/strong>: es la <strong>tercera suba del a\u00f1o<\/strong>. Las empresas hicieron la solicitud de incremento y se aval\u00f3 en la Mesa de Emergencia del Transporte.<\/p>\n<p>\u201cEn el marco de la <strong>Emergencia en el Transporte P\u00fablico de Pasajeros<\/strong> declarada por el Concejo Deliberante, el Municipio de Olavarr\u00eda como parte integrante de la Mesa de Emergencia de Transporte, informa que <strong>se establecieron nuevos cuadros tarifarios<\/strong> que se aplicar\u00e1n una vez aprobados por la Secretar\u00eda de Transporte del Gobierno Nacional\u201d comunic\u00f3 la Municipalidad.<\/p>\n<p>Se destac\u00f3 que<strong> \u201cel Gobierno Nacional sostiene la decisi\u00f3n de la eliminaci\u00f3n del subsidio del Fondo compensador al trasponte del interior del pa\u00eds y que prosiguen los aumentos de los costos <\/strong>operativos y de los combustibles. <strong>El municipio de Olavarr\u00eda contin\u00faa aportando un subsidio de 53 millones de pesos<\/strong> <strong>mensuales\u201d<\/strong>. En el marco del <a href=\"https:\/\/cdnoticias.com\/index.php\/2024\/06\/11\/wesner-estuvo-en-el-acto-de-reclamo-de-kicillof-en-el-ministerio-de-economia-de-la-nacion\/\" target=\"_blank\" rel=\"noopener\">pedido de audiencia al Ministerio de Econom\u00eda de la Naci\u00f3n<\/a>, el gobernador Kicillof inform\u00f3 esta semana que la Naci\u00f3n adeuda 1.000 millones de pesos a la Provincia por el Fondo Compensador del Transporte.<\/p>\n<blockquote><p>El Ejecutivo explic\u00f3 que \u201cante esta situaci\u00f3n las empresas locales solicitaron una actualizaci\u00f3n de las tarifas para poder mantener el servicio, en el marco de la emergencia\u201d.<\/p><\/blockquote>\n<p>Se record\u00f3 que la <strong>Mesa de Emergencia del Transporte<\/strong> coordinada por el presidente del HCD, Guillermo Santell\u00e1n, e integrada por miembros del Concejo Deliberante, funcionarios, empresas concesionarias y representantes gremiales de los choferes de colectivo,<em> \u201cse re\u00fane peri\u00f3dicamente para analizar las problem\u00e1ticas y proponer herramientas de mejora continua, con el objetivo de recuperar progresivamente el servicio\u201d<\/em>.<\/p>\n<p><img data-recalc-dims=\"1\" loading=\"lazy\" decoding=\"async\" class=\"size-full wp-image-85719 aligncenter\" src=\"https:\/\/i0.wp.com\/cdnoticias.com\/wp-content\/uploads\/2023\/05\/colectivo-las-sierras-interurbano-0.jpg?resize=800%2C445&#038;ssl=1\" alt=\"\" width=\"800\" height=\"445\" srcset=\"https:\/\/i0.wp.com\/cdnoticias.com\/wp-content\/uploads\/2023\/05\/colectivo-las-sierras-interurbano-0.jpg?w=800&amp;ssl=1 800w, https:\/\/i0.wp.com\/cdnoticias.com\/wp-content\/uploads\/2023\/05\/colectivo-las-sierras-interurbano-0.jpg?resize=300%2C167&amp;ssl=1 300w, https:\/\/i0.wp.com\/cdnoticias.com\/wp-content\/uploads\/2023\/05\/colectivo-las-sierras-interurbano-0.jpg?resize=768%2C427&amp;ssl=1 768w\" sizes=\"auto, (max-width: 800px) 100vw, 800px\" \/><\/p>\n<h2>El nuevo cuadro tarifario<\/h2>\n<h4>L\u00edneas urbanas:<\/h4>\n<p>Valor de <strong>tarifa plana en la l\u00ednea urbana de $734<\/strong> (tarifa social $330,30).<\/p>\n<h4>L\u00ednea interurbana 509:<\/h4>\n<p>509 Boleto M\u00ednimo $ 633.00<br \/>\n509 Boleto M\u00ednimo (Tarifa Social) $ 284.85<br \/>\n509 Olavarr\u00eda &#8211; Loma Negra $ 708.00<br \/>\n509 Olavarr\u00eda &#8211; Loma Negra (Tarifa Social) $ 318.60<br \/>\n509 Olavarr\u00eda &#8211; Villa Mi Serran\u00eda $ 722.00<br \/>\n509 Olavarr\u00eda &#8211; Villa Mi Serran\u00eda (Tarifa Social) $ 324.90<\/p>\n<h4>L\u00ednea interurbana 510:<\/h4>\n<p>510 Boleto M\u00ednimo $ 633.00<br \/>\n510 Boleto M\u00ednimo (Tarifa Social) $ 284.85<br \/>\n510 Olavarr\u00eda &#8211; Sierras Bayas $ 780.00<br \/>\n510 Olavarr\u00eda &#8211; Sierras Bayas (Tarifa Social) $ 351.00<br \/>\n510 Olavarr\u00eda \u2013 Colonia San Miguel $ 838.00<br \/>\n510 Olavarr\u00eda &#8211; Cnia. San Miguel (Tarifa Social) $ 377.10<\/p>\n<h4>L\u00ednea interurbana 514:<\/h4>\n<p>514 Boleto M\u00ednimo $ 633.00<br \/>\n514 Boleto M\u00ednimo (Tarifa Social) $ 284.85<br \/>\n514 Olavarr\u00eda &#8211; Sierra Chica $ 660.00<br \/>\n514 Olavarr\u00eda &#8211; Sierra Chica (Tarifa Social) $ 297.00<br \/>\n514 Olavarr\u00eda &#8211; Hinojo $ 722.00<br \/>\n514 Olavarr\u00eda &#8211; Hinojo (Tarifa Social) $ 324.90<br \/>\n514 Olavarr\u00eda &#8211; Colonia Hinojo $ 708.00<br \/>\n514 Olavarr\u00eda &#8211; Colonia Hinojo (Tarifa Social) $ 318.60<br \/>\n514 Sierra Chica &#8211; Hinojo $ 633.00<br \/>\n514 Sierra Chica &#8211; Hinojo (Tarifa Social) $ 284.85<br \/>\n514 B\u00b0 Cuarteles &#8211; Colonia Hinojo $ 633.00<br \/>\n514 B\u00b0 Cuarteles &#8211; Colonia Hinojo (Tarifa Social) $ 284.85<br \/>\n514 B\u00b0 Cuarteles &#8211; Hinojo $ 633.00<br \/>\n514 B\u00b0 Cuarteles &#8211; Hinojo (Tarifa Social) $ 284.85.<\/p>\n","protected":false},"excerpt":{"rendered":"<p>Lo pidieron las empresas. El boleto urbano pasar\u00e1 a 734 pesos. En la l\u00ednea interurbana, desde Olavarr\u00eda costar\u00e1 a Loma<\/p>\n","protected":false},"author":4,"featured_media":33520,"comment_status":"closed","ping_status":"closed","sticky":false,"template":"","format":"standard","meta":{"_jetpack_memberships_contains_paid_content":false,"footnotes":""},"categories":[5,1],"tags":[],"class_list":["post-118525","post","type-post","status-publish","format-standard","has-post-thumbnail","hentry","category-informacion-general","category-portada"],"jetpack_featured_media_url":"https:\/\/i0.wp.com\/cdnoticias.com\/wp-content\/uploads\/2021\/09\/tu-bus-transporte-00.jpg?fit=800%2C445&ssl=1","jetpack_sharing_enabled":true,"_links":{"self":[{"href":"https:\/\/cdnoticias.com\/index.php\/wp-json\/wp\/v2\/posts\/118525","targetHints":{"allow":["GET"]}}],"collection":[{"href":"https:\/\/cdnoticias.com\/index.php\/wp-json\/wp\/v2\/posts"}],"about":[{"href":"https:\/\/cdnoticias.com\/index.php\/wp-json\/wp\/v2\/types\/post"}],"author":[{"embeddable":true,"href":"https:\/\/cdnoticias.com\/index.php\/wp-json\/wp\/v2\/users\/4"}],"replies":[{"embeddable":true,"href":"https:\/\/cdnoticias.com\/index.php\/wp-json\/wp\/v2\/comments?post=118525"}],"version-history":[{"count":0,"href":"https:\/\/cdnoticias.com\/index.php\/wp-json\/wp\/v2\/posts\/118525\/revisions"}],"wp:featuredmedia":[{"embeddable":true,"href":"https:\/\/cdnoticias.com\/index.php\/wp-json\/wp\/v2\/media\/33520"}],"wp:attachment":[{"href":"https:\/\/cdnoticias.com\/index.php\/wp-json\/wp\/v2\/media?parent=118525"}],"wp:term":[{"taxonomy":"category","embeddable":true,"href":"https:\/\/cdnoticias.com\/index.php\/wp-json\/wp\/v2\/categories?post=118525"},{"taxonomy":"post_tag","embeddable":true,"href":"https:\/\/cdnoticias.com\/index.php\/wp-json\/wp\/v2\/tags?post=118525"}],"curies":[{"name":"wp","href":"https:\/\/api.w.org\/{rel}","templated":true}]}}