{"id":118486,"date":"2024-06-14T08:41:52","date_gmt":"2024-06-14T11:41:52","guid":{"rendered":"https:\/\/cdnoticias.com\/?p=118486"},"modified":"2024-06-14T11:32:42","modified_gmt":"2024-06-14T14:32:42","slug":"circulaba-en-una-moto-robada-desobedecio-a-la-policia-y-fue-aprehendido","status":"publish","type":"post","link":"https:\/\/cdnoticias.com\/index.php\/2024\/06\/14\/circulaba-en-una-moto-robada-desobedecio-a-la-policia-y-fue-aprehendido\/","title":{"rendered":"Circulaba en una moto robada, desobedeci\u00f3 a la polic\u00eda y fue aprehendido"},"content":{"rendered":"\n<p>Ocurri\u00f3 en avenida Col\u00f3n al 3600. Un hombre de 25 a\u00f1os iba a bordo de una moto que ten\u00eda un pedido de secuestro activo.<\/p>\n\n\n\n<hr class=\"wp-block-separator has-alpha-channel-opacity\"\/>\n\n\n\n<p>Personal de Motopolic\u00edas en el marco de un recorrido por avenida Col\u00f3n en direcci\u00f3n a avenida Urquiza observ\u00f3 a un hombre que<strong> circulaba a bordo de una moto Motomel 110 cc con faltantes de cachas, sin luces y sin dominio colocado.<\/strong><\/p>\n\n\n\n<p><br>Debido a esta situaci\u00f3n, logran alcanzarlo y <strong>le ordenaron que se detenga<\/strong>. El motociclista <strong>no obedeci\u00f3 la orden y finalmente lograron su interceptaci\u00f3n en avenida Col\u00f3n al 3600. <\/strong><\/p>\n\n\n\n<p><br>Se confirm\u00f3 que<strong> la motocicleta ten\u00eda un pedido de \u201csecuestro activo\u201d <\/strong>desde el pasado <strong>11 de junio por \u201churto\u201d.  <\/strong><\/p>\n\n\n\n<p><br><strong>El hombre de 25 a\u00f1os<\/strong> fue imputado en una causa por <strong>\u201cdesobediencia, encubrimiento y secuestro activo\u201d.<\/strong> Interviene la UFI N\u00b0 4. <br><\/p>\n","protected":false},"excerpt":{"rendered":"<p>Ocurri\u00f3 en avenida Col\u00f3n al 3600. Un hombre de 25 a\u00f1os iba a bordo de una moto que ten\u00eda un<\/p>\n","protected":false},"author":2,"featured_media":118487,"comment_status":"closed","ping_status":"closed","sticky":false,"template":"","format":"standard","meta":{"_jetpack_memberships_contains_paid_content":false,"footnotes":""},"categories":[14,1],"tags":[],"class_list":["post-118486","post","type-post","status-publish","format-standard","has-post-thumbnail","hentry","category-policiales","category-portada"],"jetpack_featured_media_url":"https:\/\/i0.wp.com\/cdnoticias.com\/wp-content\/uploads\/2024\/06\/aprehendido-moto.jpg?fit=800%2C445&ssl=1","jetpack_sharing_enabled":true,"_links":{"self":[{"href":"https:\/\/cdnoticias.com\/index.php\/wp-json\/wp\/v2\/posts\/118486","targetHints":{"allow":["GET"]}}],"collection":[{"href":"https:\/\/cdnoticias.com\/index.php\/wp-json\/wp\/v2\/posts"}],"about":[{"href":"https:\/\/cdnoticias.com\/index.php\/wp-json\/wp\/v2\/types\/post"}],"author":[{"embeddable":true,"href":"https:\/\/cdnoticias.com\/index.php\/wp-json\/wp\/v2\/users\/2"}],"replies":[{"embeddable":true,"href":"https:\/\/cdnoticias.com\/index.php\/wp-json\/wp\/v2\/comments?post=118486"}],"version-history":[{"count":0,"href":"https:\/\/cdnoticias.com\/index.php\/wp-json\/wp\/v2\/posts\/118486\/revisions"}],"wp:featuredmedia":[{"embeddable":true,"href":"https:\/\/cdnoticias.com\/index.php\/wp-json\/wp\/v2\/media\/118487"}],"wp:attachment":[{"href":"https:\/\/cdnoticias.com\/index.php\/wp-json\/wp\/v2\/media?parent=118486"}],"wp:term":[{"taxonomy":"category","embeddable":true,"href":"https:\/\/cdnoticias.com\/index.php\/wp-json\/wp\/v2\/categories?post=118486"},{"taxonomy":"post_tag","embeddable":true,"href":"https:\/\/cdnoticias.com\/index.php\/wp-json\/wp\/v2\/tags?post=118486"}],"curies":[{"name":"wp","href":"https:\/\/api.w.org\/{rel}","templated":true}]}}