{"id":118455,"date":"2024-06-13T18:18:10","date_gmt":"2024-06-13T21:18:10","guid":{"rendered":"https:\/\/cdnoticias.com\/?p=118455"},"modified":"2024-06-13T20:56:50","modified_gmt":"2024-06-13T23:56:50","slug":"con-varios-contrapuntos-el-hcd-aprobo-todos-los-proyectos-en-discusion","status":"publish","type":"post","link":"https:\/\/cdnoticias.com\/index.php\/2024\/06\/13\/con-varios-contrapuntos-el-hcd-aprobo-todos-los-proyectos-en-discusion\/","title":{"rendered":"Con varios contrapuntos, el HCD aprob\u00f3 todos los proyectos en discusi\u00f3n"},"content":{"rendered":"\n<p>Establecieron la obligatoriedad de los comercios gastron\u00f3micos en brindar agua de red gratuita. Llamativamente, Ahora Olavarr\u00eda vot\u00f3 en contra. Tambi\u00e9n hubo un pedido de apoyo a la Unicen.<\/p>\n\n\n\n<hr class=\"wp-block-separator aligncenter has-alpha-channel-opacity\"\/>\n\n\n\n<p>Este jueves, y por varias horas, <strong>el Concejo Deliberante aprob\u00f3 todos los proyectos presentados en lo que fue la s\u00e9ptima sesi\u00f3n ordinaria del a\u00f1o en el Centro de Exposiciones Municipal de Olavarr\u00eda (CEMO).<\/strong><\/p>\n\n\n\n<p>Uno de los proyectos m\u00e1s destacados fue la <strong>ordenanza N\u00b05396\/24 que establece la obligatoriedad de los comercios gastron\u00f3micos de proveer agua gratuita de red a los consumidores. La iniciativa impulsada por el bloque Uni\u00f3n por la Patria fue rechazada \u00fanicamente por los concejales de Ahora Olavarr\u00eda, en una postura peculiar: el edil Gamondi, del bloque libertario, dijo que se opon\u00edan porque brindar agua \u201cperjudica el consumo del comercio\u201d.<\/strong><\/p>\n\n\n\n<figure class=\"wp-block-image size-full\"><img data-recalc-dims=\"1\" loading=\"lazy\" decoding=\"async\" width=\"597\" height=\"395\" src=\"https:\/\/i0.wp.com\/cdnoticias.com\/wp-content\/uploads\/2024\/06\/sep-sesion-1.jpg?resize=597%2C395&#038;ssl=1\" alt=\"\" class=\"wp-image-118457\" srcset=\"https:\/\/i0.wp.com\/cdnoticias.com\/wp-content\/uploads\/2024\/06\/sep-sesion-1.jpg?w=597&amp;ssl=1 597w, https:\/\/i0.wp.com\/cdnoticias.com\/wp-content\/uploads\/2024\/06\/sep-sesion-1.jpg?resize=300%2C198&amp;ssl=1 300w\" sizes=\"auto, (max-width: 597px) 100vw, 597px\" \/><\/figure>\n\n\n\n<p>Por otra parte, se sancion\u00f3 un proyecto de comunicaci\u00f3n del bloque UCR solicitando al gobierno nacional la<strong> &#8220;pronta recomposici\u00f3n salarial&#8221; de los trabajadores universitarios, una &#8220;actualizaci\u00f3n a los montos de las pol\u00edticas de bienestar estudiantil&#8221; y la &#8220;continuidad de las obras edilicias&#8221; en las unidades acad\u00e9micas de la UNICEN asentadas en Olavarr\u00eda.<\/strong><\/p>\n\n\n\n<p>Siguiendo con el tratamiento del orden del d\u00eda, se sancion\u00f3 un <strong>pedido de informes impulsado por el bloque PRO-ERF solicitando al Ejecutivo informaci\u00f3n sobre el nuevo sistema de atenci\u00f3n en guardia del Servicio de Pediatr\u00eda del Hospital Municipal.<\/strong><\/p>\n\n\n\n<p>Luego se sancion\u00f3 en forma un\u00e1nime un proyecto de resoluci\u00f3n del bloque PRO-ERF sobre la <strong>creaci\u00f3n del &#8220;Mes Belgraniano&#8221; a conmemorarse el mes de junio de cada a\u00f1o.<\/strong><\/p>\n\n\n\n<figure class=\"wp-block-embed is-type-wp-embed is-provider-central-de-noticias-olavarr-a wp-block-embed-central-de-noticias-olavarr-a\"><div class=\"wp-block-embed__wrapper\">\n<blockquote class=\"wp-embedded-content\" data-secret=\"fbGZti85ze\"><a href=\"https:\/\/cdnoticias.com\/index.php\/2024\/06\/13\/sesion-del-hcd-fuerte-debate-por-la-gestion-de-discapacidad-en-el-municipio\/\">Sesi\u00f3n del HCD: fuerte debate por la gesti\u00f3n de discapacidad en el Municipio<\/a><\/blockquote><iframe loading=\"lazy\" class=\"wp-embedded-content\" sandbox=\"allow-scripts\" security=\"restricted\" style=\"position: absolute; clip: rect(1px, 1px, 1px, 1px);\" title=\"&#8220;Sesi\u00f3n del HCD: fuerte debate por la gesti\u00f3n de discapacidad en el Municipio&#8221; &#8212; Central de Noticias | Olavarr\u00eda\" src=\"https:\/\/cdnoticias.com\/index.php\/2024\/06\/13\/sesion-del-hcd-fuerte-debate-por-la-gestion-de-discapacidad-en-el-municipio\/embed\/#?secret=bfQNixotqo#?secret=fbGZti85ze\" data-secret=\"fbGZti85ze\" width=\"600\" height=\"338\" frameborder=\"0\" marginwidth=\"0\" marginheight=\"0\" scrolling=\"no\"><\/iframe>\n<\/div><\/figure>\n\n\n\n<p>A continuaci\u00f3n, se aprob\u00f3 un proyecto de resoluci\u00f3n solicitando al Ejecutivo Municipal que &#8220;lleve adelante un plan integral de se\u00f1alizaci\u00f3n municipal&#8221; en la ciudad cabecera y las localidades.<\/p>\n\n\n\n<p><strong>El cuerpo tambi\u00e9n aprob\u00f3 un pedido de informes del bloque UCR con respecto a la finalizaci\u00f3n de los contratos del servicio de mantenimiento del cementerio Loma de Paz y tratamiento de residuos urbanos y compostaje con la empresa Malvinas S.R.L<\/strong>, as\u00ed como tambi\u00e9n un proyecto de resoluci\u00f3n del bloque UCR pidiendo al Ejecutivo la &#8220;urgente reparaci\u00f3n y reemplazo de luminarias en Barrio Trabajadores&#8221; y otro solicitando al gobierno provincial que &#8220;tenga a bien esclarecer lo trascendido en los medios sobre la exenci\u00f3n del pago de la VTV a jubilados y mayores de 65 a\u00f1os que cobran hasta dos haberes m\u00ednimos&#8221;.<\/p>\n\n\n\n<p>Por otra parte, el cuerpo aprob\u00f3 por mayor\u00eda, con el rechazo de UxP, un proyecto de comunicaci\u00f3n de Ahora Olavarr\u00eda solicitando al Ejecutivo Municipal la realizaci\u00f3n del desfile c\u00edvico &#8211; militar como parte del cronograma de los festejos oficiales por el D\u00eda de la Independencia el pr\u00f3ximo 9 de julio.<\/p>\n\n\n\n<p>Posteriormente<strong> se sancion\u00f3 por mayor\u00eda un proyecto de comunicaci\u00f3n impulsado por Ahora Olavarr\u00eda expresando &#8220;preocupaci\u00f3n por la eliminaci\u00f3n del r\u00e9gimen de repitencia en los colegios secundarios de la provincia de Buenos Aires&#8221;. Los concejales de Uni\u00f3n por la Patria votaron en contra.<\/strong><\/p>\n\n\n\n<p>Luego se sancion\u00f3 un proyecto de resoluci\u00f3n solicitando al Ejecutivo que d\u00e9 cumplimiento a la resoluci\u00f3n 066\/22 (Registro de Escritores Locales).<\/p>\n\n\n\n<figure class=\"wp-block-image size-large\"><img data-recalc-dims=\"1\" loading=\"lazy\" decoding=\"async\" width=\"800\" height=\"495\" src=\"https:\/\/i0.wp.com\/cdnoticias.com\/wp-content\/uploads\/2024\/06\/sep-sesion-2.jpg?resize=800%2C495&#038;ssl=1\" alt=\"\" class=\"wp-image-118456\" srcset=\"https:\/\/i0.wp.com\/cdnoticias.com\/wp-content\/uploads\/2024\/06\/sep-sesion-2.jpg?resize=1024%2C633&amp;ssl=1 1024w, https:\/\/i0.wp.com\/cdnoticias.com\/wp-content\/uploads\/2024\/06\/sep-sesion-2.jpg?resize=300%2C185&amp;ssl=1 300w, https:\/\/i0.wp.com\/cdnoticias.com\/wp-content\/uploads\/2024\/06\/sep-sesion-2.jpg?resize=768%2C474&amp;ssl=1 768w, https:\/\/i0.wp.com\/cdnoticias.com\/wp-content\/uploads\/2024\/06\/sep-sesion-2.jpg?resize=1536%2C949&amp;ssl=1 1536w, https:\/\/i0.wp.com\/cdnoticias.com\/wp-content\/uploads\/2024\/06\/sep-sesion-2.jpg?w=2048&amp;ssl=1 2048w, https:\/\/i0.wp.com\/cdnoticias.com\/wp-content\/uploads\/2024\/06\/sep-sesion-2.jpg?w=1600&amp;ssl=1 1600w\" sizes=\"auto, (max-width: 800px) 100vw, 800px\" \/><\/figure>\n\n\n\n<p>Siguiendo con el tratamiento del orden del d\u00eda <strong>se aprob\u00f3 por mayor\u00eda, con rechazo del bloque PRO-ERF, un proyecto de comunicaci\u00f3n manifestando el benepl\u00e1cito del cuerpo a la decisi\u00f3n del gobernador, Axel Kicillof, de finalizar con fondos provinciales la obra de la Facultad de Ciencias de la Salud en Olavarr\u00eda.<\/strong><\/p>\n\n\n\n<p>Antes de finalizar la sesi\u00f3n, <strong>el cuerpo aprob\u00f3 por mayor\u00eda con rechazo de los bloques Ahora Olavarr\u00eda y PRO-ERF un proyecto de comunicaci\u00f3n expresando preocupaci\u00f3n &#8220;por el actual funcionamiento del Ministerio de Capital Humano a cargo de la ministra Sandra Petovello&#8221;.<\/strong><\/p>\n\n\n\n<p>En cuanto a homenajes, el cuerpo declar\u00f3 de<strong> inter\u00e9s legislativo municipal la 34\u00b0 edici\u00f3n de Encuentros Deportivos de Colegios Privados 2024 y el espacio radial cultural &#8220;Mil y un libros&#8221; del bibliotecario y escritor Diego Rojas.<\/strong> Asimismo, se distingui\u00f3 con el galard\u00f3n de &#8220;Honor al m\u00e9rito ciudadano&#8221; al rugbier local Joaqu\u00edn Yakiche que fue convocado al seleccionado juvenil de &#8220;Los Pumitas&#8221;.<\/p>\n","protected":false},"excerpt":{"rendered":"<p>Establecieron la obligatoriedad de los comercios gastron\u00f3micos en brindar agua de red gratuita. Llamativamente, Ahora Olavarr\u00eda vot\u00f3 en contra. Tambi\u00e9n<\/p>\n","protected":false},"author":2,"featured_media":118458,"comment_status":"closed","ping_status":"closed","sticky":false,"template":"","format":"standard","meta":{"_jetpack_memberships_contains_paid_content":false,"footnotes":""},"categories":[4,1],"tags":[],"class_list":["post-118455","post","type-post","status-publish","format-standard","has-post-thumbnail","hentry","category-politica","category-portada"],"jetpack_featured_media_url":"https:\/\/i0.wp.com\/cdnoticias.com\/wp-content\/uploads\/2024\/06\/sep-sesion.jpg?fit=588%2C403&ssl=1","jetpack_sharing_enabled":true,"_links":{"self":[{"href":"https:\/\/cdnoticias.com\/index.php\/wp-json\/wp\/v2\/posts\/118455","targetHints":{"allow":["GET"]}}],"collection":[{"href":"https:\/\/cdnoticias.com\/index.php\/wp-json\/wp\/v2\/posts"}],"about":[{"href":"https:\/\/cdnoticias.com\/index.php\/wp-json\/wp\/v2\/types\/post"}],"author":[{"embeddable":true,"href":"https:\/\/cdnoticias.com\/index.php\/wp-json\/wp\/v2\/users\/2"}],"replies":[{"embeddable":true,"href":"https:\/\/cdnoticias.com\/index.php\/wp-json\/wp\/v2\/comments?post=118455"}],"version-history":[{"count":0,"href":"https:\/\/cdnoticias.com\/index.php\/wp-json\/wp\/v2\/posts\/118455\/revisions"}],"wp:featuredmedia":[{"embeddable":true,"href":"https:\/\/cdnoticias.com\/index.php\/wp-json\/wp\/v2\/media\/118458"}],"wp:attachment":[{"href":"https:\/\/cdnoticias.com\/index.php\/wp-json\/wp\/v2\/media?parent=118455"}],"wp:term":[{"taxonomy":"category","embeddable":true,"href":"https:\/\/cdnoticias.com\/index.php\/wp-json\/wp\/v2\/categories?post=118455"},{"taxonomy":"post_tag","embeddable":true,"href":"https:\/\/cdnoticias.com\/index.php\/wp-json\/wp\/v2\/tags?post=118455"}],"curies":[{"name":"wp","href":"https:\/\/api.w.org\/{rel}","templated":true}]}}