{"id":118441,"date":"2024-06-13T13:42:49","date_gmt":"2024-06-13T16:42:49","guid":{"rendered":"https:\/\/cdnoticias.com\/?p=118441"},"modified":"2024-06-13T18:08:24","modified_gmt":"2024-06-13T21:08:24","slug":"importantes-mejoras-en-torno-a-la-escuela-n-6-coronel-olavarria","status":"publish","type":"post","link":"https:\/\/cdnoticias.com\/index.php\/2024\/06\/13\/importantes-mejoras-en-torno-a-la-escuela-n-6-coronel-olavarria\/","title":{"rendered":"Importantes mejoras en torno a la Escuela N\u00b0 6 \u201cCoronel Olavarr\u00eda\u201d"},"content":{"rendered":"<p>El plan de obras contempla tambi\u00e9n la Escuela Secundaria 18. Saneamiento en el exterior de la sede por da\u00f1os estructurales, refacci\u00f3n de la vereda, mejoras en luminarias y red el\u00e9ctrica, y mantenimiento de calefacci\u00f3n.<!--more--><\/p>\n<hr \/>\n<p>El <strong>Municipio de Olavarr\u00eda<\/strong> dio a conocer las<strong> obras<\/strong> que se llevan adelante para mejorar las instalaciones de las<strong> escuelas Primaria 6 y Secundaria 18<\/strong> que funcionan en <strong>Alberdi y Trabajadores<\/strong>.<\/p>\n<p>Se expuso que<strong> \u201cgracias al trabajo mancomunado con el Consejo Escolar\u201d<\/strong> se concretan los \u201ctrabajos de mantenimiento, embellecimiento y mejora\u201d. Asimismo, se indic\u00f3 que <strong>\u201cel plan de obras surge no solo del relevamiento realizado desde el Municipio y el Consejo Escolar<\/strong> en materia de infraestructura educativo, sino tambi\u00e9n por las<strong> inquietudes y planteos presentados por integrantes del Centro de Estudiantes<\/strong>, quienes recientemente fueron<strong> recibidos por el jefe comunal<\/strong>, en un encuentro en el que se comprometi\u00f3 a realizar las gestiones pertinentes para poder responder a cada una de las necesidades\u201d.<\/p>\n<p><img data-recalc-dims=\"1\" loading=\"lazy\" decoding=\"async\" class=\"size-full wp-image-118443 aligncenter\" src=\"https:\/\/i0.wp.com\/cdnoticias.com\/wp-content\/uploads\/2024\/06\/obras-escuela-6-00.jpg?resize=800%2C445&#038;ssl=1\" alt=\"\" width=\"800\" height=\"445\" srcset=\"https:\/\/i0.wp.com\/cdnoticias.com\/wp-content\/uploads\/2024\/06\/obras-escuela-6-00.jpg?w=1000&amp;ssl=1 1000w, https:\/\/i0.wp.com\/cdnoticias.com\/wp-content\/uploads\/2024\/06\/obras-escuela-6-00.jpg?resize=300%2C167&amp;ssl=1 300w, https:\/\/i0.wp.com\/cdnoticias.com\/wp-content\/uploads\/2024\/06\/obras-escuela-6-00.jpg?resize=768%2C427&amp;ssl=1 768w, https:\/\/i0.wp.com\/cdnoticias.com\/wp-content\/uploads\/2024\/06\/obras-escuela-6-00.jpg?resize=800%2C445&amp;ssl=1 800w\" sizes=\"auto, (max-width: 800px) 100vw, 800px\" \/><\/p>\n<p>En cuanto a los trabajos, se detall\u00f3 que en el exterior del establecimiento educativo <strong>\u201cya se llev\u00f3 a cabo el retiro de canteros<\/strong> que se encontraban deteriorados y presentaban severos riesgos debido a da\u00f1os estructurales. A la par, tambi\u00e9n se encuentran en marcha la <strong>refacci\u00f3n de la vereda y la red de saneamiento<\/strong>, que se traduce en la realizaci\u00f3n de n<strong>uevos pozos y c\u00e1maras\u201d<\/strong>.<\/p>\n<p>Sobre las tareas proyectadas, se anunciaron <strong>mejoras en luminarias interiores y exteriores, mantenimiento de red el\u00e9ctrica, reparaci\u00f3n y mantenimiento de calefacci\u00f3n<\/strong> en ambos establecimientos.<\/p>\n<p><img data-recalc-dims=\"1\" loading=\"lazy\" decoding=\"async\" class=\"size-full wp-image-118442 aligncenter\" src=\"https:\/\/i0.wp.com\/cdnoticias.com\/wp-content\/uploads\/2024\/06\/obras-escuela-6-02.jpg?resize=800%2C541&#038;ssl=1\" alt=\"\" width=\"800\" height=\"541\" srcset=\"https:\/\/i0.wp.com\/cdnoticias.com\/wp-content\/uploads\/2024\/06\/obras-escuela-6-02.jpg?w=1000&amp;ssl=1 1000w, https:\/\/i0.wp.com\/cdnoticias.com\/wp-content\/uploads\/2024\/06\/obras-escuela-6-02.jpg?resize=300%2C203&amp;ssl=1 300w, https:\/\/i0.wp.com\/cdnoticias.com\/wp-content\/uploads\/2024\/06\/obras-escuela-6-02.jpg?resize=768%2C519&amp;ssl=1 768w\" sizes=\"auto, (max-width: 800px) 100vw, 800px\" \/><\/p>\n<blockquote><p>En la comunicaci\u00f3n municipal se retom\u00f3 una frase reiterada por el intendente Maximiliano Wesner: \u201cuna gesti\u00f3n que abrace a la ciudad de afuera para adentro\u201d. En ese sentido, se destac\u00f3 que \u201cel inicio de estas tareas es otra muestra de ello, una decisi\u00f3n territorial que se plasma tanto en las localidades como en la ciudad de Olavarr\u00eda\u201d.<\/p><\/blockquote>\n<p>En tanto, cabe recordar que<strong> el s\u00e1bado pasado, el Ejecutivo municipal llev\u00f3 adelanta una actividad de recorrida por el sector<\/strong> de la que particip\u00f3 Wesner y numerosos funcionarios, as\u00ed como militantes de Uni\u00f3n por la Patria. <a href=\"https:\/\/cdnoticias.com\/index.php\/2024\/06\/09\/la-presion-social-en-ascenso-las-respuestas-a-prueba\/\" target=\"_blank\" rel=\"noopener\">El punto de partida de esta recorrida fue, justamente, Alberdi y Trabajadores<\/a>.<\/p>\n","protected":false},"excerpt":{"rendered":"<p>El plan de obras contempla tambi\u00e9n la Escuela Secundaria 18. Saneamiento en el exterior de la sede por da\u00f1os estructurales,<\/p>\n","protected":false},"author":4,"featured_media":118444,"comment_status":"closed","ping_status":"closed","sticky":false,"template":"","format":"standard","meta":{"_jetpack_memberships_contains_paid_content":false,"footnotes":""},"categories":[5,1],"tags":[],"class_list":["post-118441","post","type-post","status-publish","format-standard","has-post-thumbnail","hentry","category-informacion-general","category-portada"],"jetpack_featured_media_url":"https:\/\/i0.wp.com\/cdnoticias.com\/wp-content\/uploads\/2024\/06\/obras-escuela-6-01.jpg?fit=1000%2C556&ssl=1","jetpack_sharing_enabled":true,"_links":{"self":[{"href":"https:\/\/cdnoticias.com\/index.php\/wp-json\/wp\/v2\/posts\/118441","targetHints":{"allow":["GET"]}}],"collection":[{"href":"https:\/\/cdnoticias.com\/index.php\/wp-json\/wp\/v2\/posts"}],"about":[{"href":"https:\/\/cdnoticias.com\/index.php\/wp-json\/wp\/v2\/types\/post"}],"author":[{"embeddable":true,"href":"https:\/\/cdnoticias.com\/index.php\/wp-json\/wp\/v2\/users\/4"}],"replies":[{"embeddable":true,"href":"https:\/\/cdnoticias.com\/index.php\/wp-json\/wp\/v2\/comments?post=118441"}],"version-history":[{"count":0,"href":"https:\/\/cdnoticias.com\/index.php\/wp-json\/wp\/v2\/posts\/118441\/revisions"}],"wp:featuredmedia":[{"embeddable":true,"href":"https:\/\/cdnoticias.com\/index.php\/wp-json\/wp\/v2\/media\/118444"}],"wp:attachment":[{"href":"https:\/\/cdnoticias.com\/index.php\/wp-json\/wp\/v2\/media?parent=118441"}],"wp:term":[{"taxonomy":"category","embeddable":true,"href":"https:\/\/cdnoticias.com\/index.php\/wp-json\/wp\/v2\/categories?post=118441"},{"taxonomy":"post_tag","embeddable":true,"href":"https:\/\/cdnoticias.com\/index.php\/wp-json\/wp\/v2\/tags?post=118441"}],"curies":[{"name":"wp","href":"https:\/\/api.w.org\/{rel}","templated":true}]}}