{"id":118424,"date":"2024-06-13T12:59:26","date_gmt":"2024-06-13T15:59:26","guid":{"rendered":"https:\/\/cdnoticias.com\/?p=118424"},"modified":"2024-06-13T16:19:29","modified_gmt":"2024-06-13T19:19:29","slug":"sesion-del-hcd-fuerte-debate-por-la-gestion-de-discapacidad-en-el-municipio","status":"publish","type":"post","link":"https:\/\/cdnoticias.com\/index.php\/2024\/06\/13\/sesion-del-hcd-fuerte-debate-por-la-gestion-de-discapacidad-en-el-municipio\/","title":{"rendered":"Sesi\u00f3n del HCD: fuerte debate por la gesti\u00f3n de discapacidad en el Municipio"},"content":{"rendered":"<p>Se aprobaron tres proyectos para adherir a la ley provincial 15.296, sobre \u201cpreocupaci\u00f3n\u201d por el funcionamiento de la Direcci\u00f3n en una nueva sede y por las \u201cpol\u00edticas llevadas adelante por el Gobierno Nacional\u201d.<!--more--><\/p>\n<hr \/>\n<p>Un <strong>extenso y fuerte debate<\/strong> se dio este jueves en la<strong> sesi\u00f3n ordinaria del Concejo Deliberante de Olavarr\u00eda<\/strong> sobre la <strong>tem\u00e1tica discapacidad<\/strong> a trav\u00e9s del tratamiento de tres expedientes. <strong>Intervinieron concejales de todas las bancadas<\/strong>.<\/p>\n<blockquote><p>Al cierre de los intercambios quedaron aprobados por unanimidad tres normativas: para adherir a la ley provincial 15.296 impulsado por el bloque UCR, sobre \u201cpreocupaci\u00f3n\u201d por el funcionamiento de la Direcci\u00f3n de Discapacidad y Adultos Mayores municipal en una nueva sede presentado por Ahora Olavarr\u00eda y tambi\u00e9n por \u201cpreocupaci\u00f3n\u201d por las \u201cpol\u00edticas llevadas adelante por el Gobierno Nacional\u201d que redact\u00f3 el bloque Uni\u00f3n por la Patria.<\/p><\/blockquote>\n<p>La apertura de exposiciones estuvo a cargo de<strong> Francisco Gonz\u00e1lez (UCR)<\/strong> quien se refiri\u00f3 al <strong>proyecto que su bloque present\u00f3 en noviembre de 2022<\/strong> y al que se introdujeron modificaciones propuestas por la bancada de Uni\u00f3n por la Patria.<\/p>\n<p><strong>\u201cEs la adhesi\u00f3n a la ley provincial 15.296 de 2021 por la capacitaci\u00f3n para personal municipal de Olavarr\u00eda\u201d<\/strong> en la materia de derechos humanos sobre personas con discapacidad. <em>\u201cEs algo sumamente valorable y esperamos el acompa\u00f1amiento del resto de los bloques\u201d<\/em> dijo el concejal. Los restantes bloques adelantaron el voto positivo.<\/p>\n<p><img data-recalc-dims=\"1\" loading=\"lazy\" decoding=\"async\" class=\"size-full wp-image-118439 aligncenter\" src=\"https:\/\/i0.wp.com\/cdnoticias.com\/wp-content\/uploads\/2024\/06\/HCD-pancho-gonzalez.jpg?resize=800%2C446&#038;ssl=1\" alt=\"\" width=\"800\" height=\"446\" srcset=\"https:\/\/i0.wp.com\/cdnoticias.com\/wp-content\/uploads\/2024\/06\/HCD-pancho-gonzalez.jpg?w=800&amp;ssl=1 800w, https:\/\/i0.wp.com\/cdnoticias.com\/wp-content\/uploads\/2024\/06\/HCD-pancho-gonzalez.jpg?resize=300%2C167&amp;ssl=1 300w, https:\/\/i0.wp.com\/cdnoticias.com\/wp-content\/uploads\/2024\/06\/HCD-pancho-gonzalez.jpg?resize=768%2C428&amp;ssl=1 768w\" sizes=\"auto, (max-width: 800px) 100vw, 800px\" \/><\/p>\n<p>Luego<strong> Paola Odello (Ahora Olavarr\u00eda)<\/strong> expuso sobre el <a href=\"https:\/\/cdnoticias.com\/index.php\/2024\/06\/05\/desde-ahora-olavarria-reclaman-por-las-condiciones-edilicias-de-la-direccion-de-discapacidad\/\" target=\"_blank\" rel=\"noopener\">proyecto de comunicaci\u00f3n que present\u00f3 su bloque<\/a>. <strong>\u201cManifestamos preocupaci\u00f3n por la mudanza de la oficina y tambi\u00e9n por el estado de la sede de avenida Sarmiento\u201d<\/strong> explic\u00f3. Se refiri\u00f3 con ello al lugar donde hasta el mes pasado funcion\u00f3 la Direcci\u00f3n de Discapacidad, en <strong>cercan\u00edas del Hospital Municipal<\/strong>, y a la nueva sede que ocupa <a href=\"https:\/\/cdnoticias.com\/index.php\/2024\/05\/29\/nueva-sede-de-la-direccion-de-discapacidad-y-personas-mayores\/\" target=\"_blank\" rel=\"noopener\">desde el 3 de junio en Las Heras y La Rioja<\/a>.<\/p>\n<p><strong>\u201cPudimos observar que sinceramente no estaba en condiciones\u201d<\/strong> dijo para agregar que \u201cnos preocupa tambi\u00e9n mucho <strong>la distancia entre la nueva oficina y el Hospital, son 5 kil\u00f3metros\u201d<\/strong>. Agreg\u00f3 que \u201ctuvimos una<strong> reuni\u00f3n con la directora<\/strong> que nos dio una respuesta bastante desafortunada, que la distancia no es un problema porque pasan colectivos\u201d. En ese punto, Odello cuestion\u00f3 el estado de los colectivos y la cantidad de viajes que se requieren para completar los tr\u00e1mites, \u201chay que ir muchas veces de la oficina al Hospital\u201d asegur\u00f3.<\/p>\n<p><strong>Propuso que la Direcci\u00f3n de Discapacidad funcione dentro del Hospital<\/strong>, algo que luego reiter\u00f3 su compa\u00f1ero de bancada Oliver Gamondi. La concejal libertaria consider\u00f3<strong> \u201cuna falta de empat\u00eda total hacia los adultos mayores, hacia las personas con discapacidad y a los familiares de las personas discapacitadas que son las que terminan haciendo los tr\u00e1mites\u201d<\/strong>.<\/p>\n<blockquote><p>\u201cHay decisiones que hay que tomar con m\u00e1s inteligencia y m\u00e1s tiempo. Hicieron una rampa y pusieron un ca\u00f1o en un ba\u00f1o, pero las sillas de rueda no pasan por la puerta\u201d se quej\u00f3.<\/p><\/blockquote>\n<p><img data-recalc-dims=\"1\" loading=\"lazy\" decoding=\"async\" class=\"size-full wp-image-118428 aligncenter\" src=\"https:\/\/i0.wp.com\/cdnoticias.com\/wp-content\/uploads\/2024\/06\/HCD-paola-odello-00.jpg?resize=800%2C444&#038;ssl=1\" alt=\"\" width=\"800\" height=\"444\" srcset=\"https:\/\/i0.wp.com\/cdnoticias.com\/wp-content\/uploads\/2024\/06\/HCD-paola-odello-00.jpg?w=800&amp;ssl=1 800w, https:\/\/i0.wp.com\/cdnoticias.com\/wp-content\/uploads\/2024\/06\/HCD-paola-odello-00.jpg?resize=300%2C167&amp;ssl=1 300w, https:\/\/i0.wp.com\/cdnoticias.com\/wp-content\/uploads\/2024\/06\/HCD-paola-odello-00.jpg?resize=768%2C426&amp;ssl=1 768w\" sizes=\"auto, (max-width: 800px) 100vw, 800px\" \/><\/p>\n<p>La <strong>respuesta del oficialismo<\/strong> la dio la concejal <strong>Bel\u00e9n Abraham (Uni\u00f3n por la Patria)<\/strong>. Primero destac\u00f3 la importancia de la propuesta de los radicales:<strong> \u201cla adhesi\u00f3n a la ley provincial es sumamente necesaria\u201d<\/strong> y defini\u00f3 que la actual gesti\u00f3n municipal \u201cjerarquiz\u00f3\u201d el \u00e1rea de Discapacidad municipal, \u201chab\u00eda sido convertida en un programa municipal y volvi\u00f3 a ser una Direcci\u00f3n\u201d.<\/p>\n<p>Respecto de las capacitaciones para el personal municipal asegur\u00f3 que <strong>\u201ces necesario en este contexto\u201d ya que con el enfoque desde la perspectiva de derechos humanos \u201cse deja de ver a las personas como enfermos\u201d<\/strong> y apunt\u00f3 al<strong> \u201cuso del lenguaje\u201d<\/strong> en el proyecto de comunicaci\u00f3n de los libertarios: \u201cel comunicado de Ahora Olavarr\u00eda habla de pacientes\u201d cuestion\u00f3. Cabe aclarar que, sobre el final del debate, el presidente del bloque Uni\u00f3n por la Patria, propuso modificaciones a la redacci\u00f3n de ese proyecto, las cuales fueron aceptadas.<\/p>\n<h3>La nueva sede de Discapacidad: \u201cmejorar la calidad de la atenci\u00f3n\u201d<\/h3>\n<p>La concejal Bel\u00e9n Abraham dio cuenta de que los concejales recibieron la nota presentada por un grupo de usuarios de la Direcci\u00f3n de Discapacidad que se manifestaron sobre la reubicaci\u00f3n de la oficina y agreg\u00f3 que el mismo grupo fue al Municipio \u201cdonde fueron recibidos por la Secretar\u00eda de Desarrollo de la Comunidad, donde se les explicaron distintos puntos sobre la mudanza de la oficina\u201d.<\/p>\n<p>A continuaci\u00f3n retom\u00f3 las explicaciones que el propio secretario, Cristian Delpiani, expres\u00f3 p\u00fablicamente sobre el cambio de sede. <strong>\u201cLa reubicaci\u00f3n de la Direcci\u00f3n se dio por una cuesti\u00f3n fundamental y trascendental que es la de mejorar la calidad en la atenci\u00f3n<\/strong> de los vecinos y las vecinas y <strong>mejorar la calidad de las condiciones laborales de los trabajadores y trabajadoras<\/strong>. La sede anterior contaba por ejemplo con cuatro oficinas, muchas de ellas compartidas por varios profesionales. No generaba, por ejemplo, la privacidad necesaria para las personas que se acercaban con alg\u00fan tema personal o alguna consulta para tener una escucha activa y en privado.<em> La nueva sede consta de cinco oficinas, una sala de espera mucho m\u00e1s amplia para que las personas puedan esperar, hay un ba\u00f1o adaptado, hay una rampa y las puertas tambi\u00e9n fueron modificadas para que cualquier persona con movilidad reducida pueda acceder\u201d<\/em> detall\u00f3.<\/p>\n<p><img data-recalc-dims=\"1\" loading=\"lazy\" decoding=\"async\" class=\"size-full wp-image-118425 aligncenter\" src=\"https:\/\/i0.wp.com\/cdnoticias.com\/wp-content\/uploads\/2024\/06\/HCD-belen-abraham-00.jpg?resize=800%2C446&#038;ssl=1\" alt=\"\" width=\"800\" height=\"446\" srcset=\"https:\/\/i0.wp.com\/cdnoticias.com\/wp-content\/uploads\/2024\/06\/HCD-belen-abraham-00.jpg?w=800&amp;ssl=1 800w, https:\/\/i0.wp.com\/cdnoticias.com\/wp-content\/uploads\/2024\/06\/HCD-belen-abraham-00.jpg?resize=300%2C167&amp;ssl=1 300w, https:\/\/i0.wp.com\/cdnoticias.com\/wp-content\/uploads\/2024\/06\/HCD-belen-abraham-00.jpg?resize=768%2C428&amp;ssl=1 768w\" sizes=\"auto, (max-width: 800px) 100vw, 800px\" \/><\/p>\n<p>Luego fue al punto central de las cr\u00edticas de la oposici\u00f3n: <strong>\u201cquiero aclarar que las personas no son derivadas al Hospital\u201d<\/strong> afirm\u00f3. Con ello explic\u00f3 que <strong>la Junta M\u00e9dica para tramitar o renovar el Certificado de Discapacidad (CUD) funciona en la nueva sede<\/strong>, \u201clas personas tambi\u00e9n pueden hacer esa revisaci\u00f3n y chequeo m\u00e9dico en el mismo lugar, sin necesidad de trasladarse a otros a otros espacios f\u00edsicos\u201d.<\/p>\n<p>Adem\u00e1s, inform\u00f3 que la Secretar\u00eda de Desarrollo de la Comunidad pretende avanzar en la <strong>\u201cdescentralizaci\u00f3n de la Direcci\u00f3n\u201d<\/strong> para ofrecer los servicios en distintos barrios y localidades para que \u201clos vecinos y las vecinas no tengan la necesidad de llegar (hasta la oficina)\u201d.<\/p>\n<p>Sigui\u00f3 con otro de los temas cuestionados por Ahora Olavarr\u00eda: la <strong>remodelaci\u00f3n de la nueva sede<\/strong>. Dio m\u00e1s <strong>detalles de las obras realizadas<\/strong>.<\/p>\n<blockquote><p>\u201cCelebro la preocupaci\u00f3n genuina en esta tem\u00e1tica y en esta \u00e1rea tan sensible de lo que est\u00e1 pasando en nuestro distrito. Ojal\u00e1 que tambi\u00e9n se tenga esa preocupaci\u00f3n por las medidas que est\u00e1n tomando en este sector a nivel nacional, que ya hemos dicho en reiteradas ocasiones que una de las \u00e1reas m\u00e1s ajustadas por parte del Gobierno Nacional es el \u00e1rea de discapacidad\u201d devolvi\u00f3 Abraham. As\u00ed introdujo el debate al proyecto que su bloque present\u00f3 para mencionar los despidos de personal de la Agencia Nacional de Discapacidad, los recortes en las pensiones no contributivas, la falta de acceso a medicamentos y tratamientos m\u00e9dicos.<\/p><\/blockquote>\n<p><strong>Paola Odello insisti\u00f3 con la falta de condiciones edilicias adecuadas<\/strong>.<em> \u201cJustificar una mala decisi\u00f3n con este tema es el l\u00edmite de la obsecuencia.<\/em><strong> Entiendo los problemas a nivel nacional, pero podemos intervenir en lo local\u201d<\/strong> se\u00f1al\u00f3. M\u00e1s adelante, su compa\u00f1era de bloque Adela Casamayor reiter\u00f3 las cr\u00edticas por los problemas estructurales de la nueva oficina: \u201ctenemos la foto del antes y despu\u00e9s\u201d afirm\u00f3.<\/p>\n<h3>Pol\u00edticas nacionales: \u201cMilei ha utilizado la discapacidad para burlarse\u201d<\/h3>\n<p>La concejal <strong>Telma Cazot (Uni\u00f3n por la Patria)<\/strong> present\u00f3 el proyecto de su bloque: \u201ces un tema que nos preocupa y nos ocupa\u201d. <strong>\u201cTambi\u00e9n tiene que ver con lo local hablar de pol\u00edtica nacional\u201d<\/strong> expres\u00f3 en respuesta a la concejal de Ahora Olavarr\u00eda.<\/p>\n<p><img data-recalc-dims=\"1\" loading=\"lazy\" decoding=\"async\" class=\"size-full wp-image-118426 aligncenter\" src=\"https:\/\/i0.wp.com\/cdnoticias.com\/wp-content\/uploads\/2024\/06\/HCD-telma-cazot-00.jpg?resize=800%2C445&#038;ssl=1\" alt=\"\" width=\"800\" height=\"445\" srcset=\"https:\/\/i0.wp.com\/cdnoticias.com\/wp-content\/uploads\/2024\/06\/HCD-telma-cazot-00.jpg?w=800&amp;ssl=1 800w, https:\/\/i0.wp.com\/cdnoticias.com\/wp-content\/uploads\/2024\/06\/HCD-telma-cazot-00.jpg?resize=300%2C167&amp;ssl=1 300w, https:\/\/i0.wp.com\/cdnoticias.com\/wp-content\/uploads\/2024\/06\/HCD-telma-cazot-00.jpg?resize=768%2C427&amp;ssl=1 768w\" sizes=\"auto, (max-width: 800px) 100vw, 800px\" \/><\/p>\n<blockquote><p>Mencion\u00f3 el di\u00e1logo que mantuvo con \u201cla directora de un taller protegido que me contaba la situaci\u00f3n, justamente, por pol\u00edticas nacionales en discapacidad\u201d. Inform\u00f3 que \u201clos talleristas cobran 28 mil pesos, est\u00e1n sin aumento desde el a\u00f1o pasado y cobran con atraso. Cuando llaman al Ministerio de Capital Humano para reclamar por atrasos o pedir nuevos talleristas, no los atienden, no tienen firma, cambian de personal. Eso tambi\u00e9n es engorroso\u201d.<\/p><\/blockquote>\n<p>Luego tambi\u00e9n la concejal oficialista habl\u00f3 de<strong> \u201cmuchos reclamos por falta de entrega de medicamentos\u201d, de la paralizaci\u00f3n del programa TADSE<\/strong> (asiste en situaciones especiales a personas con discapacidad), <strong>el \u201cdesfinanciamiento\u201d de la Agencia Nacional de Discapacidad<\/strong> y las <strong>quejas por la designaci\u00f3n de personal no formada espec\u00edficamente en la materia<\/strong>.<\/p>\n<p><strong>\u201cMilei ha utilizado la discapacidad para burlarse\u201d<\/strong> subray\u00f3 Cazot. <em>\u201cLa pol\u00edtica a nivel nacional nos afecta directamente y no podemos decir nunca que hay que hablar de los temas locales y no hablar de la pol\u00edtica nacional. Este cuerpo tiene que pronunciarse porque no podemos dejar que lo que se ha trabajado durante a\u00f1os no exista m\u00e1s\u201d<\/em> afirm\u00f3.<\/p>\n<h3>Sigui\u00f3 el debate<\/h3>\n<p><strong>Hilario Galli (Pro + ERF)<\/strong> se refiri\u00f3 a la decisi\u00f3n que se tom\u00f3 en la gesti\u00f3n de Ezequiel Galli de ubicar la dependencia en barrio Roca Merlo: \u201ccuando se pens\u00f3 en la cercan\u00eda al Hospital no es que se pens\u00f3 en una persona enferma, sino que <strong>todas las l\u00edneas de colectivos pasan por el Hospital mientras que por la calle La Rioja pasan dos l\u00edneas\u201d<\/strong> explic\u00f3 para recordar que las personas discapacitadas acceden a los viajes gratis.<\/p>\n<p><img data-recalc-dims=\"1\" loading=\"lazy\" decoding=\"async\" class=\"size-full wp-image-118437 aligncenter\" src=\"https:\/\/i0.wp.com\/cdnoticias.com\/wp-content\/uploads\/2024\/06\/HCD-hilario-galli-03.jpg?resize=800%2C445&#038;ssl=1\" alt=\"\" width=\"800\" height=\"445\" srcset=\"https:\/\/i0.wp.com\/cdnoticias.com\/wp-content\/uploads\/2024\/06\/HCD-hilario-galli-03.jpg?w=800&amp;ssl=1 800w, https:\/\/i0.wp.com\/cdnoticias.com\/wp-content\/uploads\/2024\/06\/HCD-hilario-galli-03.jpg?resize=300%2C167&amp;ssl=1 300w, https:\/\/i0.wp.com\/cdnoticias.com\/wp-content\/uploads\/2024\/06\/HCD-hilario-galli-03.jpg?resize=768%2C427&amp;ssl=1 768w\" sizes=\"auto, (max-width: 800px) 100vw, 800px\" \/><\/p>\n<p>Luego adhiri\u00f3 a lo expuesto por Cazot sobre <strong>los pagos a talleristas de talleres protegidos para agregar que \u201ctambi\u00e9n hay inconvenientes en la parte provincial\u201d ya que \u201cel pago de Provincia est\u00e1 congelada desde el a\u00f1o pasado\u201d<\/strong>. Propuso <em>\u201cpensar en los problemas a nivel global si queremos solucionar las tem\u00e1ticas\u201d<\/em>.<\/p>\n<p>El <strong>presidente del bloque Uni\u00f3n por la Patria, Federico Aguilera<\/strong>, profundiz\u00f3 en cr\u00edticas a la redacci\u00f3n del proyecto de Ahora Olavarr\u00eda y a lo expuesto por las concejalas acerca de las obras en la sede. \u201cHay un nuevo edificio en el cual se invirti\u00f3 y se refaccion\u00f3, tiene caracter\u00edsticas adecuadas a las personas con discapacidad. Se falta a la verdad diciendo que esto no es as\u00ed\u201d. M\u00e1s adelante reconoci\u00f3 que <strong>\u201cse pueden hacer mejoras, si faltan cosas por hacer se har\u00e1n y est\u00e1 bueno que se pidan\u201d<\/strong> y contrast\u00f3 <strong>\u201cno podemos no decir nada cuando hay pol\u00edticas de recorte que afectan a las personas con discapacidad de Olavarr\u00eda<\/strong> y todo el territorio nacional. No podemos tener distinta vara o distinto \u00e9nfasis, me parece que eso tambi\u00e9n es tratar con seriedad los tema y no hacer cosas para la tribuna\u201d.<\/p>\n<p>A continuaci\u00f3n pidieron la palabra los concejales <em>Sebasti\u00e1n Matrella, Oliver Gamondi, Hilario Galli, Agust\u00edn Romero y Telma Cazot<\/em>. Al final del debate se llam\u00f3 a votaci\u00f3n. Fueron aprobados la <strong>ordenanza 5398<\/strong> y las <strong>comunicaciones 14 y 15<\/strong>.<\/p>\n<p><img data-recalc-dims=\"1\" loading=\"lazy\" decoding=\"async\" class=\"size-full wp-image-118435 aligncenter\" src=\"https:\/\/i0.wp.com\/cdnoticias.com\/wp-content\/uploads\/2024\/06\/HCD-federico-aguilera-01.jpg?resize=800%2C445&#038;ssl=1\" alt=\"\" width=\"800\" height=\"445\" srcset=\"https:\/\/i0.wp.com\/cdnoticias.com\/wp-content\/uploads\/2024\/06\/HCD-federico-aguilera-01.jpg?w=800&amp;ssl=1 800w, https:\/\/i0.wp.com\/cdnoticias.com\/wp-content\/uploads\/2024\/06\/HCD-federico-aguilera-01.jpg?resize=300%2C167&amp;ssl=1 300w, https:\/\/i0.wp.com\/cdnoticias.com\/wp-content\/uploads\/2024\/06\/HCD-federico-aguilera-01.jpg?resize=768%2C427&amp;ssl=1 768w\" sizes=\"auto, (max-width: 800px) 100vw, 800px\" \/><\/p>\n","protected":false},"excerpt":{"rendered":"<p>Se aprobaron tres proyectos para adherir a la ley provincial 15.296, sobre \u201cpreocupaci\u00f3n\u201d por el funcionamiento de la Direcci\u00f3n en<\/p>\n","protected":false},"author":4,"featured_media":118429,"comment_status":"closed","ping_status":"closed","sticky":false,"template":"","format":"standard","meta":{"_jetpack_memberships_contains_paid_content":false,"footnotes":""},"categories":[4,1],"tags":[],"class_list":["post-118424","post","type-post","status-publish","format-standard","has-post-thumbnail","hentry","category-politica","category-portada"],"jetpack_featured_media_url":"https:\/\/i0.wp.com\/cdnoticias.com\/wp-content\/uploads\/2024\/06\/HCD-sesion-13-de-junio-votacion-01.jpg?fit=800%2C445&ssl=1","jetpack_sharing_enabled":true,"_links":{"self":[{"href":"https:\/\/cdnoticias.com\/index.php\/wp-json\/wp\/v2\/posts\/118424","targetHints":{"allow":["GET"]}}],"collection":[{"href":"https:\/\/cdnoticias.com\/index.php\/wp-json\/wp\/v2\/posts"}],"about":[{"href":"https:\/\/cdnoticias.com\/index.php\/wp-json\/wp\/v2\/types\/post"}],"author":[{"embeddable":true,"href":"https:\/\/cdnoticias.com\/index.php\/wp-json\/wp\/v2\/users\/4"}],"replies":[{"embeddable":true,"href":"https:\/\/cdnoticias.com\/index.php\/wp-json\/wp\/v2\/comments?post=118424"}],"version-history":[{"count":0,"href":"https:\/\/cdnoticias.com\/index.php\/wp-json\/wp\/v2\/posts\/118424\/revisions"}],"wp:featuredmedia":[{"embeddable":true,"href":"https:\/\/cdnoticias.com\/index.php\/wp-json\/wp\/v2\/media\/118429"}],"wp:attachment":[{"href":"https:\/\/cdnoticias.com\/index.php\/wp-json\/wp\/v2\/media?parent=118424"}],"wp:term":[{"taxonomy":"category","embeddable":true,"href":"https:\/\/cdnoticias.com\/index.php\/wp-json\/wp\/v2\/categories?post=118424"},{"taxonomy":"post_tag","embeddable":true,"href":"https:\/\/cdnoticias.com\/index.php\/wp-json\/wp\/v2\/tags?post=118424"}],"curies":[{"name":"wp","href":"https:\/\/api.w.org\/{rel}","templated":true}]}}