{"id":118413,"date":"2024-06-13T10:18:47","date_gmt":"2024-06-13T13:18:47","guid":{"rendered":"https:\/\/cdnoticias.com\/?p=118413"},"modified":"2024-06-13T10:18:49","modified_gmt":"2024-06-13T13:18:49","slug":"kicillof-se-reunio-con-el-papa-conoce-en-detalle-la-situacion-social-de-la-argentina","status":"publish","type":"post","link":"https:\/\/cdnoticias.com\/index.php\/2024\/06\/13\/kicillof-se-reunio-con-el-papa-conoce-en-detalle-la-situacion-social-de-la-argentina\/","title":{"rendered":"Kicillof se reuni\u00f3 con el Papa: \u201cConoce en detalle la situaci\u00f3n social de la Argentina\u201d"},"content":{"rendered":"<p>El gobernador estuvo en el Vaticano donde mantuvo una audiencia privada con el m\u00e1ximo pont\u00edfice.<!--more--><\/p>\n<hr \/>\n<p>El <strong>gobernador de la provincia de Buenos Aires, Axel Kicillof<\/strong>, mantuvo este jueves por primera vez una <strong>audiencia privada con el Papa Francisco en el Vaticano<\/strong>, un encuentro que hab\u00eda comenzado a gestarse hace algunos meses y finalmente se concret\u00f3 este jueves.<\/p>\n<blockquote><p>\u201cFue una entrevista muy c\u00e1lida. No lo conoc\u00eda personalmente. Es un referente internacional con una mirada sobre fen\u00f3menos que se van produciendo a escala mundial. Estamos viviendo una \u00e9poca de crisis, de guerras, el crecimiento de sectores de ultraderecha en todo el mundo, as\u00ed que la voz del Papa es muy importante y muy influyente\u201d, dijo el gobernador en di\u00e1logo con Radio Provincia.<\/p><\/blockquote>\n<p>Kicillof lleg\u00f3 el mi\u00e9rcoles a Roma para reunirse este jueves con el Papa. Regresar\u00e1 al pa\u00eds este viernes, tal como informaron en su agenda desde Gobernaci\u00f3n.<\/p>\n<p>El mandatario cont\u00f3 que en el encuentro hablaron de la situaci\u00f3n del pa\u00eds.<strong> \u201cCompartimos informaci\u00f3n sobre la situaci\u00f3n social de la Argentina, que \u00e9l la conoce al detalle.<\/strong> Pero tambi\u00e9n <strong>vimos c\u00f3mo se va deteriorando minuto a minuto por las consecuencias de las pol\u00edticas de Milei<\/strong>, que penetran en las condiciones de vida de los 17 millones de bonaerenses\u201d.<\/p>\n<p>En tanto, estuvo atravesado por la fuerte tensi\u00f3n pol\u00edtica derivada de la<strong> votaci\u00f3n de la Ley Bases<\/strong>. No obstante, el gobernador dijo que <strong>no se toc\u00f3 ese tema en particular<\/strong> porque no ten\u00eda informaci\u00f3n sobre lo que estaba ocurriendo en ese momento.<\/p>\n<p><img data-recalc-dims=\"1\" loading=\"lazy\" decoding=\"async\" class=\"size-full wp-image-118414 aligncenter\" src=\"https:\/\/i0.wp.com\/cdnoticias.com\/wp-content\/uploads\/2024\/06\/kicillof-papa-francisco-01.jpg?resize=800%2C445&#038;ssl=1\" alt=\"\" width=\"800\" height=\"445\" srcset=\"https:\/\/i0.wp.com\/cdnoticias.com\/wp-content\/uploads\/2024\/06\/kicillof-papa-francisco-01.jpg?w=800&amp;ssl=1 800w, https:\/\/i0.wp.com\/cdnoticias.com\/wp-content\/uploads\/2024\/06\/kicillof-papa-francisco-01.jpg?resize=300%2C167&amp;ssl=1 300w, https:\/\/i0.wp.com\/cdnoticias.com\/wp-content\/uploads\/2024\/06\/kicillof-papa-francisco-01.jpg?resize=768%2C427&amp;ssl=1 768w\" sizes=\"auto, (max-width: 800px) 100vw, 800px\" \/><\/p>\n<h3>Origen<\/h3>\n<p>La reuni\u00f3n que<a href=\"https:\/\/cdnoticias.com\/index.php\/2024\/06\/11\/kicillof-se-reunira-con-el-papa-en-una-audiencia-privada-en-el-vaticano\/\" target=\"_blank\" rel=\"noopener\"> finalmente se concret\u00f3 este jueves<\/a> comenz\u00f3 a gestarse en noviembre del a\u00f1o pasado. <strong>Kicillof cont\u00f3 que le llev\u00f3 a Francisco varios presentes: un mate de la provincia, libros de su autor\u00eda sobre Econom\u00eda y libros sobre Eva Per\u00f3n<\/strong>.<\/p>\n<p>\u201cEl gobernador le va a informar de la situaci\u00f3n en la que se encuentra nuestro pa\u00eds y de los temas de la provincia de Buenos Aires. <em>Independientemente de la religi\u00f3n que profesamos y de nuestras creencias, el Papa Francisco es una referencia ecum\u00e9nica a nivel mundial<\/em> para todos aquellos que compartimos los valores cristianos de la solidaridad, cuidado de la casa com\u00fan y del bienestar espiritual y material de nuestro pueblo\u201d, hab\u00eda expresado el ministro de Gobierno, Carlos Bianco en conferencia de prensa.<\/p>\n<p>Bianco fue uno de los funcionarios que la acompa\u00f1\u00f3 al encuentro con el Papa, y tambi\u00e9n lo hizo la jefa de Asesores del Gobernador, Cristina \u00c1lvarez Rodr\u00edguez.<\/p>\n<p>Fuente: <em>Agencia DIB<\/em><\/p>\n","protected":false},"excerpt":{"rendered":"<p>El gobernador estuvo en el Vaticano donde mantuvo una audiencia privada con el m\u00e1ximo pont\u00edfice.<\/p>\n","protected":false},"author":4,"featured_media":118415,"comment_status":"closed","ping_status":"closed","sticky":false,"template":"","format":"standard","meta":{"_jetpack_memberships_contains_paid_content":false,"footnotes":""},"categories":[6,1],"tags":[],"class_list":["post-118413","post","type-post","status-publish","format-standard","has-post-thumbnail","hentry","category-nacionales","category-portada"],"jetpack_featured_media_url":"https:\/\/i0.wp.com\/cdnoticias.com\/wp-content\/uploads\/2024\/06\/kicillof-papa-francisco-00.jpg?fit=800%2C445&ssl=1","jetpack_sharing_enabled":true,"_links":{"self":[{"href":"https:\/\/cdnoticias.com\/index.php\/wp-json\/wp\/v2\/posts\/118413","targetHints":{"allow":["GET"]}}],"collection":[{"href":"https:\/\/cdnoticias.com\/index.php\/wp-json\/wp\/v2\/posts"}],"about":[{"href":"https:\/\/cdnoticias.com\/index.php\/wp-json\/wp\/v2\/types\/post"}],"author":[{"embeddable":true,"href":"https:\/\/cdnoticias.com\/index.php\/wp-json\/wp\/v2\/users\/4"}],"replies":[{"embeddable":true,"href":"https:\/\/cdnoticias.com\/index.php\/wp-json\/wp\/v2\/comments?post=118413"}],"version-history":[{"count":0,"href":"https:\/\/cdnoticias.com\/index.php\/wp-json\/wp\/v2\/posts\/118413\/revisions"}],"wp:featuredmedia":[{"embeddable":true,"href":"https:\/\/cdnoticias.com\/index.php\/wp-json\/wp\/v2\/media\/118415"}],"wp:attachment":[{"href":"https:\/\/cdnoticias.com\/index.php\/wp-json\/wp\/v2\/media?parent=118413"}],"wp:term":[{"taxonomy":"category","embeddable":true,"href":"https:\/\/cdnoticias.com\/index.php\/wp-json\/wp\/v2\/categories?post=118413"},{"taxonomy":"post_tag","embeddable":true,"href":"https:\/\/cdnoticias.com\/index.php\/wp-json\/wp\/v2\/tags?post=118413"}],"curies":[{"name":"wp","href":"https:\/\/api.w.org\/{rel}","templated":true}]}}