{"id":118328,"date":"2024-06-12T11:14:23","date_gmt":"2024-06-12T14:14:23","guid":{"rendered":"https:\/\/cdnoticias.com\/?p=118328"},"modified":"2024-06-12T11:17:36","modified_gmt":"2024-06-12T14:17:36","slug":"le-robaron-27-millones-en-un-viaje-en-micro-hasta-cachari","status":"publish","type":"post","link":"https:\/\/cdnoticias.com\/index.php\/2024\/06\/12\/le-robaron-27-millones-en-un-viaje-en-micro-hasta-cachari\/","title":{"rendered":"Le robaron $ 2,7 millones en un viaje en micro hasta Cachar\u00ed"},"content":{"rendered":"<p>Un trabajador rural es la v\u00edctima del robo que cree que ocurri\u00f3 en la Terminal de Azul. Regresaba desde Coronel Su\u00e1rez. Llevaba el dinero en una mochila en el maletero de un micro.<!--more--><\/p>\n<hr \/>\n<p>Un<strong> trabajador rural<\/strong> denunci\u00f3 que le <strong>robaron 2.700.000 pesos<\/strong> que llevaba en un viaje hacia Cachar\u00ed.<\/p>\n<p>El dinero <strong>estaba en una mochila<\/strong>, junto a otras pertenencias, <strong>en el interior del maletero de un micro de larga distancia<\/strong> en el que viaj\u00f3 el s\u00e1bado desde Coronel Su\u00e1rez.<\/p>\n<p>La v\u00edctima,<strong> Leonel Jos\u00e9 Irurzun (25)<\/strong> denunci\u00f3 en la <strong>Seccional Primera de Polic\u00eda de Azul<\/strong> que hab\u00eda cobrado recientemente un trabajo y ten\u00eda previsto comprarse una motocicleta. La investigaci\u00f3n penal del caso qued\u00f3 a cargo de la <strong>UFI 2 que conduce el fiscal David Carballo<\/strong>. Se caratul\u00f3 como <strong>\u201churto\u201d<\/strong>.<\/p>\n<blockquote><p>En una entrevista que brind\u00f3 a diario El Tiempo sostuvo que el robo se produjo cuando el micro en que viajaba hacia Cachar\u00ed hizo una escala en la Terminal de \u00d3mnibus de Azul. &#8220;Fue un robo, no me apareci\u00f3 nunca la mochila&#8221;, se\u00f1al\u00f3.<\/p><\/blockquote>\n<figure id=\"attachment_118330\" aria-describedby=\"caption-attachment-118330\" style=\"width: 800px\" class=\"wp-caption aligncenter\"><img data-recalc-dims=\"1\" loading=\"lazy\" decoding=\"async\" class=\"wp-image-118330 size-full\" src=\"https:\/\/i0.wp.com\/cdnoticias.com\/wp-content\/uploads\/2024\/06\/terminal-de-azul.jpg?resize=800%2C444&#038;ssl=1\" alt=\"\" width=\"800\" height=\"444\" srcset=\"https:\/\/i0.wp.com\/cdnoticias.com\/wp-content\/uploads\/2024\/06\/terminal-de-azul.jpg?w=800&amp;ssl=1 800w, https:\/\/i0.wp.com\/cdnoticias.com\/wp-content\/uploads\/2024\/06\/terminal-de-azul.jpg?resize=300%2C167&amp;ssl=1 300w, https:\/\/i0.wp.com\/cdnoticias.com\/wp-content\/uploads\/2024\/06\/terminal-de-azul.jpg?resize=768%2C426&amp;ssl=1 768w\" sizes=\"auto, (max-width: 800px) 100vw, 800px\" \/><figcaption id=\"caption-attachment-118330\" class=\"wp-caption-text\">La v\u00edctima sospecha que el robo se produjo en la Terminal de Azul.<\/figcaption><\/figure>\n<h3>Una mochila<\/h3>\n<p>De acuerdo con lo narrado por Leonel Jos\u00e9 Irurzun, <strong>sospecha que al menos uno de los integrantes de un grupo de varones, que ser\u00edan de la provincia de Tucum\u00e1n y viajaban con \u00e9l en el micro, se apoder\u00f3 de su mochila<\/strong>, la cual \u00e9l hab\u00eda despachado con el ticket correspondiente una vez que el pasado s\u00e1bado se subi\u00f3 al colectivo en Coronel Su\u00e1rez para emprender el viaje hacia Cachar\u00ed, donde reside su familia.<\/p>\n<blockquote><p>&#8220;A la mochila con el dinero la despach\u00e9 en la baulera del micro. Pero cuando llegu\u00e9 a Cachar\u00ed directamente no estaba&#8221;, indic\u00f3 el empleado rural. Cont\u00f3 que cuando lleg\u00f3 a Cachar\u00ed constat\u00f3 el faltante de su mochila con todas sus pertenencias: el dinero -&#8220;discriminado en cinco fajos de billetes de mil pesos&#8221;, seg\u00fan consta en la denuncia policial-, un par de botas y prendas de vestir. Inmediatamente regres\u00f3 a Azul para hacer el reclamo en la boleter\u00eda de esa empresa &#8220;JetMar&#8221;, en la que hab\u00eda viajado.<\/p><\/blockquote>\n<p>El trabajador rural refiri\u00f3 que <strong>desde la boleter\u00eda \u201cme hicieron llenar un formulario\u201d<\/strong>. Pero <strong>hasta ahora no ha tenido una respuesta concreta<\/strong> por parte de la empresa con relaci\u00f3n a qu\u00e9 sucedi\u00f3 con su mochila y el dinero que tra\u00eda.<\/p>\n<p><strong>El colectivo tambi\u00e9n hizo escalas en Laprida, General La Madrid, L\u00edbano, Olavarr\u00eda, Hinojo -sobre la ruta- y en Azul<\/strong>. Irurzun hizo sus propias averiguaciones sobre los pasajeros que bajaron o subieron en cada parada, y si se abri\u00f3 o no el maletero. Con ello, concluy\u00f3 que <em>en Azul, cuando el micro hizo una parada \u00e9l se baj\u00f3 en la Terminal para fumar un cigarrillo, ocasi\u00f3n en la que observ\u00f3 que el maletero se abri\u00f3 porque hubo ascenso y descenso de personas<\/em>.<\/p>\n<p><strong>\u201cNunca se me cruz\u00f3 por la cabeza que me pasara una cosa as\u00ed, porque cada vez que viajo siempre despacho mi mochila en el maletero del micro\u201d<\/strong> expres\u00f3 teniendo en cuenta que es un asiduo usuario de ese servicio de colectivos de pasajeros de larga distancia donde el pasado s\u00e1bado sufri\u00f3 la sustracci\u00f3n de su mochila con la plata.<\/p>\n<p>Fuente y foto de tapa:<em> Diario El Tiempo<\/em><\/p>\n","protected":false},"excerpt":{"rendered":"<p>Un trabajador rural es la v\u00edctima del robo que cree que ocurri\u00f3 en la Terminal de Azul. Regresaba desde Coronel<\/p>\n","protected":false},"author":4,"featured_media":118329,"comment_status":"closed","ping_status":"closed","sticky":false,"template":"","format":"standard","meta":{"_jetpack_memberships_contains_paid_content":false,"footnotes":""},"categories":[6,1],"tags":[],"class_list":["post-118328","post","type-post","status-publish","format-standard","has-post-thumbnail","hentry","category-nacionales","category-portada"],"jetpack_featured_media_url":"https:\/\/i0.wp.com\/cdnoticias.com\/wp-content\/uploads\/2024\/06\/diario-el-tiempo-robo-colectivo.jpeg?fit=948%2C533&ssl=1","jetpack_sharing_enabled":true,"_links":{"self":[{"href":"https:\/\/cdnoticias.com\/index.php\/wp-json\/wp\/v2\/posts\/118328","targetHints":{"allow":["GET"]}}],"collection":[{"href":"https:\/\/cdnoticias.com\/index.php\/wp-json\/wp\/v2\/posts"}],"about":[{"href":"https:\/\/cdnoticias.com\/index.php\/wp-json\/wp\/v2\/types\/post"}],"author":[{"embeddable":true,"href":"https:\/\/cdnoticias.com\/index.php\/wp-json\/wp\/v2\/users\/4"}],"replies":[{"embeddable":true,"href":"https:\/\/cdnoticias.com\/index.php\/wp-json\/wp\/v2\/comments?post=118328"}],"version-history":[{"count":0,"href":"https:\/\/cdnoticias.com\/index.php\/wp-json\/wp\/v2\/posts\/118328\/revisions"}],"wp:featuredmedia":[{"embeddable":true,"href":"https:\/\/cdnoticias.com\/index.php\/wp-json\/wp\/v2\/media\/118329"}],"wp:attachment":[{"href":"https:\/\/cdnoticias.com\/index.php\/wp-json\/wp\/v2\/media?parent=118328"}],"wp:term":[{"taxonomy":"category","embeddable":true,"href":"https:\/\/cdnoticias.com\/index.php\/wp-json\/wp\/v2\/categories?post=118328"},{"taxonomy":"post_tag","embeddable":true,"href":"https:\/\/cdnoticias.com\/index.php\/wp-json\/wp\/v2\/tags?post=118328"}],"curies":[{"name":"wp","href":"https:\/\/api.w.org\/{rel}","templated":true}]}}