{"id":118314,"date":"2024-06-12T10:28:34","date_gmt":"2024-06-12T13:28:34","guid":{"rendered":"https:\/\/cdnoticias.com\/?p=118314"},"modified":"2024-06-12T13:54:57","modified_gmt":"2024-06-12T16:54:57","slug":"seguridad-rural-importante-convocatoria-en-de-productores-de-duranona-y-la-zona","status":"publish","type":"post","link":"https:\/\/cdnoticias.com\/index.php\/2024\/06\/12\/seguridad-rural-importante-convocatoria-en-de-productores-de-duranona-y-la-zona\/","title":{"rendered":"Seguridad rural: importante convocatoria de productores de Dura\u00f1ona y la zona"},"content":{"rendered":"<p>La reuni\u00f3n se concret\u00f3 este martes con la participaci\u00f3n de autoridades policiales y municipales, as\u00ed como referentes de instituciones locales.<!--more--><\/p>\n<hr \/>\n<p><strong>Productores rurales<\/strong> se reunieron en el <strong>Dura\u00f1ona Foot Ball Club<\/strong> este martes donde <strong>el eje de la reuni\u00f3n fue la seguridad en la zona<\/strong>.<\/p>\n<p><a href=\"https:\/\/cdnoticias.com\/index.php\/2024\/06\/12\/seguridad-rural-importante-convocatoria-en-de-productores-de-duranona-y-la-zona\/\" target=\"_blank\" rel=\"noopener\">Tal como se hab\u00eda adelantado<\/a>, el encuentro fue organizado por <strong>Productores Autoconvocados<\/strong>, <em>Pablo Gonz\u00e1lez, Mario Gargiulo y Andr\u00e9s Torres<\/em>, quienes definieron que fue una <strong>\u201cexcelente reuni\u00f3n\u201d<\/strong>.<\/p>\n<p>Se destac\u00f3 la <strong>importante concurrencia de productores Mu\u00f1oz, Pourtal\u00e9, Santa Elena, Dura\u00f1ona y Loma Negra<\/strong>.<\/p>\n<p><img data-recalc-dims=\"1\" loading=\"lazy\" decoding=\"async\" class=\"size-full wp-image-118317 aligncenter\" src=\"https:\/\/i0.wp.com\/cdnoticias.com\/wp-content\/uploads\/2024\/06\/reunion-de-seguridad-rural-en-duranona-02.jpg?resize=800%2C445&#038;ssl=1\" alt=\"\" width=\"800\" height=\"445\" srcset=\"https:\/\/i0.wp.com\/cdnoticias.com\/wp-content\/uploads\/2024\/06\/reunion-de-seguridad-rural-en-duranona-02.jpg?w=800&amp;ssl=1 800w, https:\/\/i0.wp.com\/cdnoticias.com\/wp-content\/uploads\/2024\/06\/reunion-de-seguridad-rural-en-duranona-02.jpg?resize=300%2C167&amp;ssl=1 300w, https:\/\/i0.wp.com\/cdnoticias.com\/wp-content\/uploads\/2024\/06\/reunion-de-seguridad-rural-en-duranona-02.jpg?resize=768%2C427&amp;ssl=1 768w\" sizes=\"auto, (max-width: 800px) 100vw, 800px\" \/><\/p>\n<p>Cabe recordar que <strong>se confirm\u00f3 la veda de caza en Olavarr\u00eda<\/strong>, lo que era solicitado por el sector rural para evitar la <strong>problem\u00e1tica de la inseguridad que genera el tr\u00e1nsito de los cazadores por los campos<\/strong>, aunque en algunos distritos vecinos qued\u00f3 habilitada la caza de liebre lo que igualmente genera complicaciones en el \u00e1mbito local.<\/p>\n<p>Participaron el <strong>subsecretario de Seguridad municipal, Elias Quinta, el Jefe Departamental de Polic\u00eda, Leandro Scavuzzo<\/strong> junto con el comisario Lucas Rodr\u00edguez, el <strong>jefe zonal de Polic\u00eda Rural Andr\u00e9s Dore<\/strong> junto con Jos\u00e9 Amezaga y el<strong> jefe de la Patrulla Rural de Olavarr\u00eda, Pablo Sosa<\/strong> y personal policial del <strong>Destacamento de Santa Luisa.<\/strong><\/p>\n<p>Tambi\u00e9n fueron part\u00edcipes la <strong>delegada municipal de Santa Luisa, Mariel Arouxet<\/strong>, los directivos de <strong>Coopelectric<\/strong> Ignacio Aramburu, Vanesa Andreis y Jorge Vornetti, adem\u00e1s de representantes de la <strong>Cooperativa Agraria<\/strong> y <strong>Mujeres Rurales en Red<\/strong>.<\/p>\n<p><img data-recalc-dims=\"1\" loading=\"lazy\" decoding=\"async\" class=\"size-full wp-image-118318 aligncenter\" src=\"https:\/\/i0.wp.com\/cdnoticias.com\/wp-content\/uploads\/2024\/06\/reunion-de-seguridad-rural-en-duranona-01.jpg?resize=800%2C445&#038;ssl=1\" alt=\"\" width=\"800\" height=\"445\" srcset=\"https:\/\/i0.wp.com\/cdnoticias.com\/wp-content\/uploads\/2024\/06\/reunion-de-seguridad-rural-en-duranona-01.jpg?w=800&amp;ssl=1 800w, https:\/\/i0.wp.com\/cdnoticias.com\/wp-content\/uploads\/2024\/06\/reunion-de-seguridad-rural-en-duranona-01.jpg?resize=300%2C167&amp;ssl=1 300w, https:\/\/i0.wp.com\/cdnoticias.com\/wp-content\/uploads\/2024\/06\/reunion-de-seguridad-rural-en-duranona-01.jpg?resize=768%2C427&amp;ssl=1 768w\" sizes=\"auto, (max-width: 800px) 100vw, 800px\" \/><\/p>\n<p><img data-recalc-dims=\"1\" loading=\"lazy\" decoding=\"async\" class=\"size-full wp-image-118316 aligncenter\" src=\"https:\/\/i0.wp.com\/cdnoticias.com\/wp-content\/uploads\/2024\/06\/reunion-de-seguridad-rural-en-duranona-03.jpg?resize=800%2C445&#038;ssl=1\" alt=\"\" width=\"800\" height=\"445\" srcset=\"https:\/\/i0.wp.com\/cdnoticias.com\/wp-content\/uploads\/2024\/06\/reunion-de-seguridad-rural-en-duranona-03.jpg?w=800&amp;ssl=1 800w, https:\/\/i0.wp.com\/cdnoticias.com\/wp-content\/uploads\/2024\/06\/reunion-de-seguridad-rural-en-duranona-03.jpg?resize=300%2C167&amp;ssl=1 300w, https:\/\/i0.wp.com\/cdnoticias.com\/wp-content\/uploads\/2024\/06\/reunion-de-seguridad-rural-en-duranona-03.jpg?resize=768%2C427&amp;ssl=1 768w\" sizes=\"auto, (max-width: 800px) 100vw, 800px\" \/><\/p>\n","protected":false},"excerpt":{"rendered":"<p>La reuni\u00f3n se concret\u00f3 este martes con la participaci\u00f3n de autoridades policiales y municipales, as\u00ed como referentes de instituciones locales.<\/p>\n","protected":false},"author":4,"featured_media":118315,"comment_status":"closed","ping_status":"closed","sticky":false,"template":"","format":"standard","meta":{"_jetpack_memberships_contains_paid_content":false,"footnotes":""},"categories":[14,1],"tags":[],"class_list":["post-118314","post","type-post","status-publish","format-standard","has-post-thumbnail","hentry","category-policiales","category-portada"],"jetpack_featured_media_url":"https:\/\/i0.wp.com\/cdnoticias.com\/wp-content\/uploads\/2024\/06\/reunion-de-seguridad-rural-en-duranona-00.jpg?fit=800%2C445&ssl=1","jetpack_sharing_enabled":true,"_links":{"self":[{"href":"https:\/\/cdnoticias.com\/index.php\/wp-json\/wp\/v2\/posts\/118314","targetHints":{"allow":["GET"]}}],"collection":[{"href":"https:\/\/cdnoticias.com\/index.php\/wp-json\/wp\/v2\/posts"}],"about":[{"href":"https:\/\/cdnoticias.com\/index.php\/wp-json\/wp\/v2\/types\/post"}],"author":[{"embeddable":true,"href":"https:\/\/cdnoticias.com\/index.php\/wp-json\/wp\/v2\/users\/4"}],"replies":[{"embeddable":true,"href":"https:\/\/cdnoticias.com\/index.php\/wp-json\/wp\/v2\/comments?post=118314"}],"version-history":[{"count":0,"href":"https:\/\/cdnoticias.com\/index.php\/wp-json\/wp\/v2\/posts\/118314\/revisions"}],"wp:featuredmedia":[{"embeddable":true,"href":"https:\/\/cdnoticias.com\/index.php\/wp-json\/wp\/v2\/media\/118315"}],"wp:attachment":[{"href":"https:\/\/cdnoticias.com\/index.php\/wp-json\/wp\/v2\/media?parent=118314"}],"wp:term":[{"taxonomy":"category","embeddable":true,"href":"https:\/\/cdnoticias.com\/index.php\/wp-json\/wp\/v2\/categories?post=118314"},{"taxonomy":"post_tag","embeddable":true,"href":"https:\/\/cdnoticias.com\/index.php\/wp-json\/wp\/v2\/tags?post=118314"}],"curies":[{"name":"wp","href":"https:\/\/api.w.org\/{rel}","templated":true}]}}