{"id":118295,"date":"2024-06-11T21:33:38","date_gmt":"2024-06-12T00:33:38","guid":{"rendered":"https:\/\/cdnoticias.com\/?p=118295"},"modified":"2024-06-12T09:42:26","modified_gmt":"2024-06-12T12:42:26","slug":"detuvieron-a-un-hombre-de-42-anos-por-dos-causas-de-violencia-de-genero","status":"publish","type":"post","link":"https:\/\/cdnoticias.com\/index.php\/2024\/06\/11\/detuvieron-a-un-hombre-de-42-anos-por-dos-causas-de-violencia-de-genero\/","title":{"rendered":"Detuvieron a un hombre de 42 a\u00f1os por dos causas de violencia de g\u00e9nero"},"content":{"rendered":"\n<p>Est\u00e1 acusado de desobediencia y amenazas. Permanece detenido y ser\u00e1 indagado este mi\u00e9rcoles.<\/p>\n\n\n\n<hr class=\"wp-block-separator aligncenter has-alpha-channel-opacity\"\/>\n\n\n\n<p>Este martes, <strong>personal de Comisar\u00eda Segunda acat\u00f3 un pedido de detenci\u00f3n sobre un hombre de 42 a\u00f1os por una causa de Desobediencia y amenazas.<\/strong> Ser\u00e1 indagado este mi\u00e9rcoles en sede fiscal.<\/p>\n\n\n\n<p>Seg\u00fan se inform\u00f3 oficialmente, desde Comisar\u00eda Segunda en conjunto con personal de Comisar\u00eda de la mujer<strong> se acat\u00f3 una orden detenci\u00f3n dispuesta por el Juzgado de Garant\u00edas N\u00b02 a cargo del doctor Carlos Villamar\u00edn.<\/strong><\/p>\n\n\n\n<p>El hombre, identificado como David Alejandro Perla<strong>, fue detenido en un domicilio en Saavedra al 500.<\/strong><\/p>\n\n\n\n<p>Fue trasladado a Comisar\u00eda Segunda y <strong>qued\u00f3 a disposici\u00f3n de la fiscal de la causa, la doctora Mariela Viceconte de la UFI N\u00b05 especializada en Violencia de G\u00e9nero y Familiar.<\/strong><\/p>\n\n\n\n<p>Ser\u00e1 indagado este mi\u00e9rcoles por la ma\u00f1ana en fiscal\u00eda, se inform\u00f3.<\/p>\n","protected":false},"excerpt":{"rendered":"<p>Est\u00e1 acusado de desobediencia y amenazas. Permanece detenido y ser\u00e1 indagado este mi\u00e9rcoles. Este martes, personal de Comisar\u00eda Segunda acat\u00f3<\/p>\n","protected":false},"author":2,"featured_media":118296,"comment_status":"closed","ping_status":"closed","sticky":false,"template":"","format":"standard","meta":{"_jetpack_memberships_contains_paid_content":false,"footnotes":""},"categories":[14,1],"tags":[],"class_list":["post-118295","post","type-post","status-publish","format-standard","has-post-thumbnail","hentry","category-policiales","category-portada"],"jetpack_featured_media_url":"https:\/\/i0.wp.com\/cdnoticias.com\/wp-content\/uploads\/2024\/06\/WhatsApp-Image-2024-06-11-at-17.53.37.jpeg?fit=1600%2C848&ssl=1","jetpack_sharing_enabled":true,"_links":{"self":[{"href":"https:\/\/cdnoticias.com\/index.php\/wp-json\/wp\/v2\/posts\/118295","targetHints":{"allow":["GET"]}}],"collection":[{"href":"https:\/\/cdnoticias.com\/index.php\/wp-json\/wp\/v2\/posts"}],"about":[{"href":"https:\/\/cdnoticias.com\/index.php\/wp-json\/wp\/v2\/types\/post"}],"author":[{"embeddable":true,"href":"https:\/\/cdnoticias.com\/index.php\/wp-json\/wp\/v2\/users\/2"}],"replies":[{"embeddable":true,"href":"https:\/\/cdnoticias.com\/index.php\/wp-json\/wp\/v2\/comments?post=118295"}],"version-history":[{"count":0,"href":"https:\/\/cdnoticias.com\/index.php\/wp-json\/wp\/v2\/posts\/118295\/revisions"}],"wp:featuredmedia":[{"embeddable":true,"href":"https:\/\/cdnoticias.com\/index.php\/wp-json\/wp\/v2\/media\/118296"}],"wp:attachment":[{"href":"https:\/\/cdnoticias.com\/index.php\/wp-json\/wp\/v2\/media?parent=118295"}],"wp:term":[{"taxonomy":"category","embeddable":true,"href":"https:\/\/cdnoticias.com\/index.php\/wp-json\/wp\/v2\/categories?post=118295"},{"taxonomy":"post_tag","embeddable":true,"href":"https:\/\/cdnoticias.com\/index.php\/wp-json\/wp\/v2\/tags?post=118295"}],"curies":[{"name":"wp","href":"https:\/\/api.w.org\/{rel}","templated":true}]}}