{"id":118290,"date":"2024-06-11T21:25:23","date_gmt":"2024-06-12T00:25:23","guid":{"rendered":"https:\/\/cdnoticias.com\/?p=118290"},"modified":"2024-06-12T08:25:43","modified_gmt":"2024-06-12T11:25:43","slug":"violento-accidente-entre-dos-camiones-en-ruta-3-dos-personas-heridas","status":"publish","type":"post","link":"https:\/\/cdnoticias.com\/index.php\/2024\/06\/11\/violento-accidente-entre-dos-camiones-en-ruta-3-dos-personas-heridas\/","title":{"rendered":"Violento accidente entre dos camiones en ruta 3: dos personas heridas"},"content":{"rendered":"\n<p>Fue en el kil\u00f3metro 297 de la ruta nacional. Uno de los camiones llevaba cemento, mientras que el otro era un cisterna de YPF.<\/p>\n\n\n\n<hr class=\"wp-block-separator aligncenter has-alpha-channel-opacity\"\/>\n\n\n\n<p><em>Foto e informaci\u00f3n: Noticias de Azul<\/em><\/p>\n\n\n\n<p>Este martes,<strong> un violento accidente en ruta 3 kil\u00f3metro 297 dej\u00f3 como saldo dos personas heridas, un hombre y una mujer.<\/strong><\/p>\n\n\n\n<p><strong>El siniestro se produjo entre dos camiones, uno cisterna de YPF conducido por una joven de 28 a\u00f1os (oriunda de Bah\u00eda Blanca), y un cami\u00f3n con acoplado que transportaba cemento conducido por un hombre de 50 a\u00f1os (de San Miguel del Monte).<\/strong><\/p>\n\n\n\n<p>Si bien se indagan sobre las causas del hecho,<strong> las primeras versiones dan cuenta de que uno de los veh\u00edculos realiz\u00f3 una mala maniobra en una zona bien se\u00f1alizada, con la calzada secta y en una recta.<\/strong><\/p>\n\n\n\n<figure class=\"wp-block-image size-full\"><img data-recalc-dims=\"1\" loading=\"lazy\" decoding=\"async\" width=\"705\" height=\"393\" src=\"https:\/\/i0.wp.com\/cdnoticias.com\/wp-content\/uploads\/2024\/06\/accidente-ruta3-noticias-de-azul.jpg?resize=705%2C393&#038;ssl=1\" alt=\"\" class=\"wp-image-118291\" srcset=\"https:\/\/i0.wp.com\/cdnoticias.com\/wp-content\/uploads\/2024\/06\/accidente-ruta3-noticias-de-azul.jpg?w=705&amp;ssl=1 705w, https:\/\/i0.wp.com\/cdnoticias.com\/wp-content\/uploads\/2024\/06\/accidente-ruta3-noticias-de-azul.jpg?resize=300%2C167&amp;ssl=1 300w\" sizes=\"auto, (max-width: 705px) 100vw, 705px\" \/><\/figure>\n\n\n\n<p>Producto del violento impacto, <strong>la conductora del cami\u00f3n cisterna qued\u00f3 atrapada en el habit\u00e1culo del cami\u00f3n<\/strong>, por lo que <strong>debi\u00f3 ser rescatada por Bomberos de Azul y personal Vial de la vecina ciudad.<\/strong><\/p>\n\n\n\n<p><strong>Adem\u00e1s, el cami\u00f3n que transportaba cemente perdi\u00f3 su carga.<\/strong> La ruta qued\u00f3 totalmente obstruida y qued\u00f3 cerrada al tr\u00e1nsito hasta tanto se realicen las pericias correspondientes y se conozca con precisi\u00f3n las heridas de los dos conductores.<\/p>\n\n\n\n<p>Justamente,<strong> los dos fueron trasladados al Hospital Municipal doctor \u00c1ngel Pintos para recibir la asistencia m\u00e9dica.<\/strong><\/p>\n\n\n\n<figure class=\"wp-block-image size-full\"><img data-recalc-dims=\"1\" loading=\"lazy\" decoding=\"async\" width=\"800\" height=\"445\" src=\"https:\/\/i0.wp.com\/cdnoticias.com\/wp-content\/uploads\/2024\/06\/accidente-ruta3-noticias-de-azul2.jpg?resize=800%2C445&#038;ssl=1\" alt=\"\" class=\"wp-image-118293\" srcset=\"https:\/\/i0.wp.com\/cdnoticias.com\/wp-content\/uploads\/2024\/06\/accidente-ruta3-noticias-de-azul2.jpg?w=810&amp;ssl=1 810w, https:\/\/i0.wp.com\/cdnoticias.com\/wp-content\/uploads\/2024\/06\/accidente-ruta3-noticias-de-azul2.jpg?resize=300%2C167&amp;ssl=1 300w, https:\/\/i0.wp.com\/cdnoticias.com\/wp-content\/uploads\/2024\/06\/accidente-ruta3-noticias-de-azul2.jpg?resize=768%2C428&amp;ssl=1 768w, https:\/\/i0.wp.com\/cdnoticias.com\/wp-content\/uploads\/2024\/06\/accidente-ruta3-noticias-de-azul2.jpg?resize=800%2C445&amp;ssl=1 800w\" sizes=\"auto, (max-width: 800px) 100vw, 800px\" \/><\/figure>\n\n\n\n<p>En el lugar del accidente, trabajan efectivos de Vial Azul, Bomberos de Azul, personal de peajes Corredores Viales y agentes de la Polic\u00eda Cient\u00edfica.<\/p>\n\n\n\n<p><strong>Se instruy\u00f3 una causa por &#8220;Lesiones Culposas&#8221;,<\/strong> con la intervenci\u00f3n de la Unidad Funcional de Instrucci\u00f3n (UFI) en turno del Departamento Judicial de Azul.<\/p>\n","protected":false},"excerpt":{"rendered":"<p>Fue en el kil\u00f3metro 297 de la ruta nacional. Uno de los camiones llevaba cemento, mientras que el otro era<\/p>\n","protected":false},"author":2,"featured_media":118292,"comment_status":"closed","ping_status":"closed","sticky":false,"template":"","format":"standard","meta":{"_jetpack_memberships_contains_paid_content":false,"footnotes":""},"categories":[14,1],"tags":[],"class_list":["post-118290","post","type-post","status-publish","format-standard","has-post-thumbnail","hentry","category-policiales","category-portada"],"jetpack_featured_media_url":"https:\/\/i0.wp.com\/cdnoticias.com\/wp-content\/uploads\/2024\/06\/accidente-ruta3-noticias-de-azul1.jpg?fit=1440%2C801&ssl=1","jetpack_sharing_enabled":true,"_links":{"self":[{"href":"https:\/\/cdnoticias.com\/index.php\/wp-json\/wp\/v2\/posts\/118290","targetHints":{"allow":["GET"]}}],"collection":[{"href":"https:\/\/cdnoticias.com\/index.php\/wp-json\/wp\/v2\/posts"}],"about":[{"href":"https:\/\/cdnoticias.com\/index.php\/wp-json\/wp\/v2\/types\/post"}],"author":[{"embeddable":true,"href":"https:\/\/cdnoticias.com\/index.php\/wp-json\/wp\/v2\/users\/2"}],"replies":[{"embeddable":true,"href":"https:\/\/cdnoticias.com\/index.php\/wp-json\/wp\/v2\/comments?post=118290"}],"version-history":[{"count":0,"href":"https:\/\/cdnoticias.com\/index.php\/wp-json\/wp\/v2\/posts\/118290\/revisions"}],"wp:featuredmedia":[{"embeddable":true,"href":"https:\/\/cdnoticias.com\/index.php\/wp-json\/wp\/v2\/media\/118292"}],"wp:attachment":[{"href":"https:\/\/cdnoticias.com\/index.php\/wp-json\/wp\/v2\/media?parent=118290"}],"wp:term":[{"taxonomy":"category","embeddable":true,"href":"https:\/\/cdnoticias.com\/index.php\/wp-json\/wp\/v2\/categories?post=118290"},{"taxonomy":"post_tag","embeddable":true,"href":"https:\/\/cdnoticias.com\/index.php\/wp-json\/wp\/v2\/tags?post=118290"}],"curies":[{"name":"wp","href":"https:\/\/api.w.org\/{rel}","templated":true}]}}