{"id":118284,"date":"2024-06-11T19:06:05","date_gmt":"2024-06-11T22:06:05","guid":{"rendered":"https:\/\/cdnoticias.com\/?p=118284"},"modified":"2024-06-11T21:33:52","modified_gmt":"2024-06-12T00:33:52","slug":"la-deuda-asciende-a-mas-de-6-billones-y-son-casi-mil-obras-paralizadas-en-los-135-municipios","status":"publish","type":"post","link":"https:\/\/cdnoticias.com\/index.php\/2024\/06\/11\/la-deuda-asciende-a-mas-de-6-billones-y-son-casi-mil-obras-paralizadas-en-los-135-municipios\/","title":{"rendered":"\u201cLa deuda asciende a m\u00e1s de $6 billones y son casi mil obras paralizadas en los 135 municipios\u201d"},"content":{"rendered":"\n<p>El intendente Wesner explicit\u00f3 su acompa\u00f1amiento al gobernador Kicillof durante la presentaci\u00f3n del petitorio en el Ministerio de Econom\u00eda de Naci\u00f3n por obras paralizadas.<\/p>\n\n\n\n<hr class=\"wp-block-separator aligncenter has-alpha-channel-opacity\"\/>\n\n\n\n<p>Luego de la conferencia de prensa y la presentaci\u00f3n, en Capital Federal, <strong>de un petitorio en el Ministerio de Econom\u00eda donde la Provincia de Buenos Aires pide el pago de la deuda de Naci\u00f3n y la reanudaci\u00f3n de las casi mil obras paralizadas, el intendente Maximiliano Wesner explicit\u00f3 el acompa\u00f1amiento al gobernador Kicillof y se mostr\u00f3 firmando dicho petitorio.<\/strong><\/p>\n\n\n\n<p><strong>Acompa\u00f1ando en todo el momento al gobernador con otros jefes comunales de la regi\u00f3n<\/strong> tales como Nelson Sombra (Azul), Gustavo Cocconi (Tapalqu\u00e9), Alfredo Fisher (Laprida), entre otros,<strong> Wesner describi\u00f3 la situaci\u00f3n por la cual se movilizaron a Capital Federal junto al gobernador y otros funcionarios.<\/strong><\/p>\n\n\n\n<figure class=\"wp-block-embed is-type-wp-embed is-provider-central-de-noticias-olavarr-a wp-block-embed-central-de-noticias-olavarr-a\"><div class=\"wp-block-embed__wrapper\">\n<blockquote class=\"wp-embedded-content\" data-secret=\"AZ1OdQ0HL5\"><a href=\"https:\/\/cdnoticias.com\/index.php\/2024\/06\/11\/wesner-estuvo-en-el-acto-de-reclamo-de-kicillof-en-el-ministerio-de-economia-de-la-nacion\/\">Wesner estuvo en el acto de reclamo de Kicillof en el Ministerio de Econom\u00eda de la Naci\u00f3n<\/a><\/blockquote><iframe loading=\"lazy\" class=\"wp-embedded-content\" sandbox=\"allow-scripts\" security=\"restricted\" style=\"position: absolute; clip: rect(1px, 1px, 1px, 1px);\" title=\"&#8220;Wesner estuvo en el acto de reclamo de Kicillof en el Ministerio de Econom\u00eda de la Naci\u00f3n&#8221; &#8212; Central de Noticias | Olavarr\u00eda\" src=\"https:\/\/cdnoticias.com\/index.php\/2024\/06\/11\/wesner-estuvo-en-el-acto-de-reclamo-de-kicillof-en-el-ministerio-de-economia-de-la-nacion\/embed\/#?secret=ieBABx3Imf#?secret=AZ1OdQ0HL5\" data-secret=\"AZ1OdQ0HL5\" width=\"600\" height=\"338\" frameborder=\"0\" marginwidth=\"0\" marginheight=\"0\" scrolling=\"no\"><\/iframe>\n<\/div><\/figure>\n\n\n\n<p>De hecho, la presentaci\u00f3n en el Ministerio de Econom\u00eda estuvo encabezada por el ministro de Gobierno Carlos Bianco y el ministro de Infraestructura Gabriel Katopodis.<\/p>\n\n\n\n<p><strong>\u201cLa deuda total asciende a m\u00e1s de $6 billones y son casi mil obras paralizadas en los 135 municipios bonaerenses, obras fundamentales para la calidad de vida de nuestros vecinos, estamos hablando de cloacas, universidades, viviendas, calles, rutas, entre otras\u201d <\/strong>dijo Wesner en redes sociales.<\/p>\n","protected":false},"excerpt":{"rendered":"<p>El intendente Wesner explicit\u00f3 su acompa\u00f1amiento al gobernador Kicillof durante la presentaci\u00f3n del petitorio en el Ministerio de Econom\u00eda de<\/p>\n","protected":false},"author":2,"featured_media":118285,"comment_status":"closed","ping_status":"closed","sticky":false,"template":"","format":"standard","meta":{"_jetpack_memberships_contains_paid_content":false,"footnotes":""},"categories":[4,1],"tags":[],"class_list":["post-118284","post","type-post","status-publish","format-standard","has-post-thumbnail","hentry","category-politica","category-portada"],"jetpack_featured_media_url":"https:\/\/i0.wp.com\/cdnoticias.com\/wp-content\/uploads\/2024\/06\/wesner-firma.jpg?fit=2048%2C1368&ssl=1","jetpack_sharing_enabled":true,"_links":{"self":[{"href":"https:\/\/cdnoticias.com\/index.php\/wp-json\/wp\/v2\/posts\/118284","targetHints":{"allow":["GET"]}}],"collection":[{"href":"https:\/\/cdnoticias.com\/index.php\/wp-json\/wp\/v2\/posts"}],"about":[{"href":"https:\/\/cdnoticias.com\/index.php\/wp-json\/wp\/v2\/types\/post"}],"author":[{"embeddable":true,"href":"https:\/\/cdnoticias.com\/index.php\/wp-json\/wp\/v2\/users\/2"}],"replies":[{"embeddable":true,"href":"https:\/\/cdnoticias.com\/index.php\/wp-json\/wp\/v2\/comments?post=118284"}],"version-history":[{"count":0,"href":"https:\/\/cdnoticias.com\/index.php\/wp-json\/wp\/v2\/posts\/118284\/revisions"}],"wp:featuredmedia":[{"embeddable":true,"href":"https:\/\/cdnoticias.com\/index.php\/wp-json\/wp\/v2\/media\/118285"}],"wp:attachment":[{"href":"https:\/\/cdnoticias.com\/index.php\/wp-json\/wp\/v2\/media?parent=118284"}],"wp:term":[{"taxonomy":"category","embeddable":true,"href":"https:\/\/cdnoticias.com\/index.php\/wp-json\/wp\/v2\/categories?post=118284"},{"taxonomy":"post_tag","embeddable":true,"href":"https:\/\/cdnoticias.com\/index.php\/wp-json\/wp\/v2\/tags?post=118284"}],"curies":[{"name":"wp","href":"https:\/\/api.w.org\/{rel}","templated":true}]}}