{"id":118279,"date":"2024-06-11T18:38:55","date_gmt":"2024-06-11T21:38:55","guid":{"rendered":"https:\/\/cdnoticias.com\/?p=118279"},"modified":"2024-06-11T18:38:57","modified_gmt":"2024-06-11T21:38:57","slug":"el-ceco-manifesto-su-no-a-la-ley-bases-y-reforma-laboral","status":"publish","type":"post","link":"https:\/\/cdnoticias.com\/index.php\/2024\/06\/11\/el-ceco-manifesto-su-no-a-la-ley-bases-y-reforma-laboral\/","title":{"rendered":"El CECO manifest\u00f3 su \u201cno\u201d a la Ley Bases y Reforma Laboral"},"content":{"rendered":"\n<p>Mediante un comunicado, se\u00f1alaron que todas estas medidas que se tratar\u00e1n en el Senado este mi\u00e9rcoles \u201cimpactar\u00e1 de manera negativa en los trabajadores\u201d. Explicaron los principales puntos de perjuicio.<\/p>\n\n\n\n<hr class=\"wp-block-separator aligncenter has-alpha-channel-opacity\"\/>\n\n\n\n<p>El <strong>Centro Empleados de Comercio de Olavarr\u00eda (CECO) emiti\u00f3 un comunicado en el que se manifest\u00f3 en contra de la Ley Bases y la Reforma Laboral, y denunciaron que de aprobarse <em>\u201cimpactar\u00e1 de manera negativa en los trabajadores\u201d.<\/em><\/strong><\/p>\n\n\n\n<p>Es por ello que, de cara al tratamiento en el Senado del proyecto de Ley con media sanci\u00f3n<strong> explicaron punto a punto las razones por las cuales modifican la Ley de Contrato de Trabajo y generar\u00e1n un perjuicio a los trabajadores.<\/strong><\/p>\n\n\n\n<p>El listado expresa puntos tales como<strong><em> \u201cAnulaciones de indemnizaciones por despido: Reemplazo de las indemnizaciones por despido por la constituci\u00f3n de un fondo de sistema de cese laboral\u201d.<\/em><\/strong><\/p>\n\n\n\n<p>Adem\u00e1s, el listado contempla las siguientes medidas y razones:<\/p>\n\n\n\n<p>&#8211;<strong>Limitaci\u00f3n del derecho a huelga: se tomar\u00e1 como motivo de despido <\/strong>las acciones que puedan tomar los trabajadores en caso de tener un conflicto colectivo con la empresa.<\/p>\n\n\n\n<p>&#8211;<strong>Licencia por embarazo<\/strong>: la prohibici\u00f3n de trabajar se reduce de 30 a 10 d\u00edas previo al parto.<\/p>\n\n\n\n<p>&#8211;<strong>Ampliaci\u00f3n del periodo de prueba<\/strong>: extender hasta 8 meses el tiempo de periodo de prueba. En este tiempo, el trabajador puede ser despedido sin causa y sin indemnizaci\u00f3n.<\/p>\n\n\n\n<p>&#8211;<strong>Eliminaci\u00f3n de Sanciones por no registro de empleados<\/strong>: se eliminar\u00e1n las sanciones para los empleadores que no registren una relaci\u00f3n laboral. Esto incrementar\u00e1 el empleo no registrado.<\/p>\n\n\n\n<p>&#8211;<strong>Tercerizaci\u00f3n laboral:<\/strong> eliminaci\u00f3n de la prohibici\u00f3n para contratar a trav\u00e9s de empresas de servicios temporarios.<\/p>\n\n\n\n<p>&#8211;<strong>Funci\u00f3n sindical:<\/strong> la ley bases excluye a las asociaciones sindicales como posibles denunciantes ante la falta de registraci\u00f3n de las relaciones laborales dejando esto en las manos del propio trabajador.<\/p>\n\n\n\n<p>Por estos motivos, dijo el CECO, \u201cdecimos no a la Ley Bases y a la Reforma Laboral\u201d.<\/p>\n","protected":false},"excerpt":{"rendered":"<p>Mediante un comunicado, se\u00f1alaron que todas estas medidas que se tratar\u00e1n en el Senado este mi\u00e9rcoles \u201cimpactar\u00e1 de manera negativa<\/p>\n","protected":false},"author":2,"featured_media":102622,"comment_status":"closed","ping_status":"closed","sticky":false,"template":"","format":"standard","meta":{"_jetpack_memberships_contains_paid_content":false,"footnotes":""},"categories":[4,1],"tags":[],"class_list":["post-118279","post","type-post","status-publish","format-standard","has-post-thumbnail","hentry","category-politica","category-portada"],"jetpack_featured_media_url":"https:\/\/i0.wp.com\/cdnoticias.com\/wp-content\/uploads\/2023\/11\/CECO-07.jpg?fit=1200%2C668&ssl=1","jetpack_sharing_enabled":true,"_links":{"self":[{"href":"https:\/\/cdnoticias.com\/index.php\/wp-json\/wp\/v2\/posts\/118279","targetHints":{"allow":["GET"]}}],"collection":[{"href":"https:\/\/cdnoticias.com\/index.php\/wp-json\/wp\/v2\/posts"}],"about":[{"href":"https:\/\/cdnoticias.com\/index.php\/wp-json\/wp\/v2\/types\/post"}],"author":[{"embeddable":true,"href":"https:\/\/cdnoticias.com\/index.php\/wp-json\/wp\/v2\/users\/2"}],"replies":[{"embeddable":true,"href":"https:\/\/cdnoticias.com\/index.php\/wp-json\/wp\/v2\/comments?post=118279"}],"version-history":[{"count":0,"href":"https:\/\/cdnoticias.com\/index.php\/wp-json\/wp\/v2\/posts\/118279\/revisions"}],"wp:featuredmedia":[{"embeddable":true,"href":"https:\/\/cdnoticias.com\/index.php\/wp-json\/wp\/v2\/media\/102622"}],"wp:attachment":[{"href":"https:\/\/cdnoticias.com\/index.php\/wp-json\/wp\/v2\/media?parent=118279"}],"wp:term":[{"taxonomy":"category","embeddable":true,"href":"https:\/\/cdnoticias.com\/index.php\/wp-json\/wp\/v2\/categories?post=118279"},{"taxonomy":"post_tag","embeddable":true,"href":"https:\/\/cdnoticias.com\/index.php\/wp-json\/wp\/v2\/tags?post=118279"}],"curies":[{"name":"wp","href":"https:\/\/api.w.org\/{rel}","templated":true}]}}