{"id":118270,"date":"2024-06-11T17:53:06","date_gmt":"2024-06-11T20:53:06","guid":{"rendered":"https:\/\/cdnoticias.com\/?p=118270"},"modified":"2024-06-11T21:25:40","modified_gmt":"2024-06-12T00:25:40","slug":"el-municipio-pidio-colaboracion-a-los-vecinos-por-el-robo-de-plantas-en-parque-eseverri","status":"publish","type":"post","link":"https:\/\/cdnoticias.com\/index.php\/2024\/06\/11\/el-municipio-pidio-colaboracion-a-los-vecinos-por-el-robo-de-plantas-en-parque-eseverri\/","title":{"rendered":"El Municipio pidi\u00f3 \u201ccolaboraci\u00f3n\u201d a los vecinos por el robo de plantas en Parque Eseverri"},"content":{"rendered":"\n<p>Se trata de parte de los 50 que la comuna plant\u00f3 semanas atr\u00e1s. Adem\u00e1s, hubo otros dos ejemplares que fueron vandalizados.<\/p>\n\n\n\n<hr class=\"wp-block-separator aligncenter has-alpha-channel-opacity\"\/>\n\n\n\n<p>Este martes por la tarde, <strong>el Municipio emiti\u00f3 un comunicado pidiendo colaboraci\u00f3n a los vecinos tras conocerse el robo de 5 \u00e1rboles plantados en el Parque Eseverri y la vandalizaci\u00f3n de otros dos ejemplares.<\/strong><\/p>\n\n\n\n<p>Teniendo en cuenta que la comuna comenz\u00f3 a implementar<em><strong> \u201cdiferentes pol\u00edticas en relaci\u00f3n al ambiente que son parte del Plan Integral de Reconstrucci\u00f3n del Arbolado Urbano\u201d<\/strong><\/em> y por ello <strong>se solicita a la comunidad colaboraci\u00f3n para su cuidado.<\/strong><\/p>\n\n\n\n<blockquote class=\"wp-block-quote is-layout-flow wp-block-quote-is-layout-flow\">\n<p>\u201cDe la \u00faltima plantaci\u00f3n de 50 \u00e1rboles en el Parque Helios Eseverri hemos constatado el robo de 5 ejemplares y otros dos fueron vandalizados\u201d.<\/p>\n<\/blockquote>\n\n\n\n<p>En este sentido, apelaron <strong>\u201ca la solidaridad y el compromiso de todos ya que es un beneficio para la comunidad\u201d.<\/strong><\/p>\n\n\n\n<figure class=\"wp-block-embed is-type-wp-embed is-provider-central-de-noticias-olavarr-a wp-block-embed-central-de-noticias-olavarr-a\"><div class=\"wp-block-embed__wrapper\">\n<blockquote class=\"wp-embedded-content\" data-secret=\"vCmxSv57l4\"><a href=\"https:\/\/cdnoticias.com\/index.php\/2024\/05\/11\/wesner-queremos-una-olavarria-mas-verde\/\">Wesner: \u201cQueremos una Olavarr\u00eda m\u00e1s verde\u201d<\/a><\/blockquote><iframe loading=\"lazy\" class=\"wp-embedded-content\" sandbox=\"allow-scripts\" security=\"restricted\" style=\"position: absolute; clip: rect(1px, 1px, 1px, 1px);\" title=\"&#8220;Wesner: \u201cQueremos una Olavarr\u00eda m\u00e1s verde\u201d&#8221; &#8212; Central de Noticias | Olavarr\u00eda\" src=\"https:\/\/cdnoticias.com\/index.php\/2024\/05\/11\/wesner-queremos-una-olavarria-mas-verde\/embed\/#?secret=EHFESa5rt3#?secret=vCmxSv57l4\" data-secret=\"vCmxSv57l4\" width=\"600\" height=\"338\" frameborder=\"0\" marginwidth=\"0\" marginheight=\"0\" scrolling=\"no\"><\/iframe>\n<\/div><\/figure>\n\n\n\n<p><strong>Los \u00e1rboles fueron plantados el pasado 11 de mayo en una actividad <\/strong>de la que particip\u00f3 el intendente Wesner y varias organizaciones como Eco Olavarr\u00eda y la Biblioteca del otro lado del \u00e1rbol.<\/p>\n","protected":false},"excerpt":{"rendered":"<p>Se trata de parte de los 50 que la comuna plant\u00f3 semanas atr\u00e1s. Adem\u00e1s, hubo otros dos ejemplares que fueron<\/p>\n","protected":false},"author":2,"featured_media":115915,"comment_status":"closed","ping_status":"closed","sticky":false,"template":"","format":"standard","meta":{"_jetpack_memberships_contains_paid_content":false,"footnotes":""},"categories":[5,1],"tags":[],"class_list":["post-118270","post","type-post","status-publish","format-standard","has-post-thumbnail","hentry","category-informacion-general","category-portada"],"jetpack_featured_media_url":"https:\/\/i0.wp.com\/cdnoticias.com\/wp-content\/uploads\/2024\/05\/arbolado-plan-plantacion-06.jpg?fit=800%2C445&ssl=1","jetpack_sharing_enabled":true,"_links":{"self":[{"href":"https:\/\/cdnoticias.com\/index.php\/wp-json\/wp\/v2\/posts\/118270","targetHints":{"allow":["GET"]}}],"collection":[{"href":"https:\/\/cdnoticias.com\/index.php\/wp-json\/wp\/v2\/posts"}],"about":[{"href":"https:\/\/cdnoticias.com\/index.php\/wp-json\/wp\/v2\/types\/post"}],"author":[{"embeddable":true,"href":"https:\/\/cdnoticias.com\/index.php\/wp-json\/wp\/v2\/users\/2"}],"replies":[{"embeddable":true,"href":"https:\/\/cdnoticias.com\/index.php\/wp-json\/wp\/v2\/comments?post=118270"}],"version-history":[{"count":0,"href":"https:\/\/cdnoticias.com\/index.php\/wp-json\/wp\/v2\/posts\/118270\/revisions"}],"wp:featuredmedia":[{"embeddable":true,"href":"https:\/\/cdnoticias.com\/index.php\/wp-json\/wp\/v2\/media\/115915"}],"wp:attachment":[{"href":"https:\/\/cdnoticias.com\/index.php\/wp-json\/wp\/v2\/media?parent=118270"}],"wp:term":[{"taxonomy":"category","embeddable":true,"href":"https:\/\/cdnoticias.com\/index.php\/wp-json\/wp\/v2\/categories?post=118270"},{"taxonomy":"post_tag","embeddable":true,"href":"https:\/\/cdnoticias.com\/index.php\/wp-json\/wp\/v2\/tags?post=118270"}],"curies":[{"name":"wp","href":"https:\/\/api.w.org\/{rel}","templated":true}]}}