{"id":118261,"date":"2024-06-11T13:16:12","date_gmt":"2024-06-11T16:16:12","guid":{"rendered":"https:\/\/cdnoticias.com\/?p=118261"},"modified":"2024-06-11T19:06:21","modified_gmt":"2024-06-11T22:06:21","slug":"wesner-estuvo-en-el-acto-de-reclamo-de-kicillof-en-el-ministerio-de-economia-de-la-nacion","status":"publish","type":"post","link":"https:\/\/cdnoticias.com\/index.php\/2024\/06\/11\/wesner-estuvo-en-el-acto-de-reclamo-de-kicillof-en-el-ministerio-de-economia-de-la-nacion\/","title":{"rendered":"Wesner estuvo en el acto de reclamo de Kicillof en el Ministerio de Econom\u00eda de la Naci\u00f3n"},"content":{"rendered":"<p>El jefe comunal de Olavarr\u00eda particip\u00f3 de las actividades desarrolladas en la ma\u00f1ana de este martes en CABA. Kicillof apunt\u00f3 contra Caputo y Milei: reiter\u00f3 el pedido de entrega de partidas retenidas. \u201cLa Provincia de Buenos Aires es la que menos recibe, es la que menos gasta y la que tiene el estado m\u00e1s peque\u00f1o\u201d subray\u00f3.<!--more--><\/p>\n<hr \/>\n<p>Este martes por la ma\u00f1ana, <strong>el gobernador Axel Kicillof encabez\u00f3 un acto en la Casa de la Provincia de Buenos Aires en CABA<\/strong> donde expuso el <strong>reclamo al Ministerio de Econom\u00eda de la Naci\u00f3n por la retenci\u00f3n de fondos<\/strong>.<\/p>\n<p>Del acto participaron<strong> numerosos intendentes de Uni\u00f3n por la Patria, entre ellos, Maximiliano Wesner de Olavarr\u00eda<\/strong>, y ministros del gabinete bonaerense.<\/p>\n<p>Durante el acto, <strong>los funcionarios e intendentes -tambi\u00e9n Wesner- se dirigieron al Ministerio de Econom\u00eda de la Naci\u00f3n donde presentaron un escrito<\/strong> con el detalle de los fondos cuyas transferencias se demandan. Kicillof hizo hincapi\u00e9 en el <strong>pedido de reuni\u00f3n al ministro Luis Caputo<\/strong>, titular de Econom\u00eda.<\/p>\n<p><img data-recalc-dims=\"1\" loading=\"lazy\" decoding=\"async\" class=\"size-full wp-image-118263 aligncenter\" src=\"https:\/\/i0.wp.com\/cdnoticias.com\/wp-content\/uploads\/2024\/06\/kicillof-intendentes-fondos-01.jpg?resize=800%2C445&#038;ssl=1\" alt=\"\" width=\"800\" height=\"445\" srcset=\"https:\/\/i0.wp.com\/cdnoticias.com\/wp-content\/uploads\/2024\/06\/kicillof-intendentes-fondos-01.jpg?w=800&amp;ssl=1 800w, https:\/\/i0.wp.com\/cdnoticias.com\/wp-content\/uploads\/2024\/06\/kicillof-intendentes-fondos-01.jpg?resize=300%2C167&amp;ssl=1 300w, https:\/\/i0.wp.com\/cdnoticias.com\/wp-content\/uploads\/2024\/06\/kicillof-intendentes-fondos-01.jpg?resize=768%2C427&amp;ssl=1 768w\" sizes=\"auto, (max-width: 800px) 100vw, 800px\" \/><\/p>\n<p>Kicillof agradeci\u00f3 a los \u201cmiembros del gabinete pero particularmente a todos los intendentes e intendentas de nuestra provincia que son much\u00edsimos los que han venido hoy a acompa\u00f1ar este reclamo, pero son muchos los que no pudieron venir tambi\u00e9n\u201d.<\/p>\n<p>En cuanto a la \u201cpresentaci\u00f3n formal\u201d al ministro Caputo, <strong>el Gobernador dijo que \u201cno s\u00f3lo hemos presentado este reclamo en nombre de quienes estamos ac\u00e1, sino en nombre de los 135 intendentes<\/strong> de todas las formaciones pol\u00edticas y <strong>sobre todo en nombre de los 17 millones de bonaerenses que son los damnificados<\/strong>, las v\u00edctimas de estos recortes despiadados y absolutamente ilegales\u201d.<\/p>\n<p>El mandatario record\u00f3 que adem\u00e1s, <strong>la Provincia impuls\u00f3 cuatro presentaciones judiciales en la Corte Suprema de Justicia<\/strong> para que la Naci\u00f3n env\u00ede las partidas retenidas de <strong>Anses, Fondo de Incentivo Nacional Docente (FONID), Fondo Compensador del Transporte y el Fondo de Seguridad.<\/strong><\/p>\n<p><img data-recalc-dims=\"1\" loading=\"lazy\" decoding=\"async\" class=\"size-full wp-image-118265 aligncenter\" src=\"https:\/\/i0.wp.com\/cdnoticias.com\/wp-content\/uploads\/2024\/06\/kicillof-intendentes-fondos-03.jpg?resize=800%2C445&#038;ssl=1\" alt=\"\" width=\"800\" height=\"445\" srcset=\"https:\/\/i0.wp.com\/cdnoticias.com\/wp-content\/uploads\/2024\/06\/kicillof-intendentes-fondos-03.jpg?w=800&amp;ssl=1 800w, https:\/\/i0.wp.com\/cdnoticias.com\/wp-content\/uploads\/2024\/06\/kicillof-intendentes-fondos-03.jpg?resize=300%2C167&amp;ssl=1 300w, https:\/\/i0.wp.com\/cdnoticias.com\/wp-content\/uploads\/2024\/06\/kicillof-intendentes-fondos-03.jpg?resize=768%2C427&amp;ssl=1 768w\" sizes=\"auto, (max-width: 800px) 100vw, 800px\" \/><\/p>\n<blockquote><p>En ese sentido, se\u00f1al\u00f3 que la nota dirigida al ministro Caputo \u201ces un paso m\u00e1s en las acciones y en los diferentes caminos que hemos tomado para hacer estos reclamos\u201d. Se refiri\u00f3 a los tres pedidos formales de audiencia que hizo, \u201cnunca recibimos respuesta, ninguna fecha, ninguna cita marcada por el ministro de Econom\u00eda\u201d. Agreg\u00f3 que \u201clos restantes ministros (nacionales) con los que se tienen di\u00e1logo\u201d, se\u00f1alan a Caputo como quien \u201ctiene que tomar la decisi\u00f3n\u201d para efectivizar las transferencias.<\/p><\/blockquote>\n<p>Kicillof apunt\u00f3 adem\u00e1s <strong>contra el presidente Javier Milei<\/strong> al se\u00f1alar que<strong> retiene los fondos \u201cde manera ilegal, incumpliendo compromisos<\/strong> ya sea normativos, legales, en base a acuerdos firmados o diferentes dispositivos e instrumentos\u201d. <strong>\u201cDe manera unilateral y arbitraria el gobierno nacional, el presidente Milei, decidi\u00f3 cancelar las responsabilidades de Naci\u00f3n\u201d<\/strong>.<\/p>\n<p><img data-recalc-dims=\"1\" loading=\"lazy\" decoding=\"async\" class=\"size-full wp-image-118264 aligncenter\" src=\"https:\/\/i0.wp.com\/cdnoticias.com\/wp-content\/uploads\/2024\/06\/kicillof-intendentes-fondos-02.jpg?resize=800%2C445&#038;ssl=1\" alt=\"\" width=\"800\" height=\"445\" srcset=\"https:\/\/i0.wp.com\/cdnoticias.com\/wp-content\/uploads\/2024\/06\/kicillof-intendentes-fondos-02.jpg?w=800&amp;ssl=1 800w, https:\/\/i0.wp.com\/cdnoticias.com\/wp-content\/uploads\/2024\/06\/kicillof-intendentes-fondos-02.jpg?resize=300%2C167&amp;ssl=1 300w, https:\/\/i0.wp.com\/cdnoticias.com\/wp-content\/uploads\/2024\/06\/kicillof-intendentes-fondos-02.jpg?resize=768%2C427&amp;ssl=1 768w\" sizes=\"auto, (max-width: 800px) 100vw, 800px\" \/><\/p>\n<p>M\u00e1s adelante, Kicillof reiter\u00f3 un planteo que ha sostenido desde su primer mandato, acerca del <strong>trato \u201chist\u00f3ricamente\u201d desigual que recibe la Provincia: es la que m\u00e1s fondos aporta para la coparticipaci\u00f3n nacional, pero la que menos recibe<\/strong>. <em>\u201cLa provincia de Buenos Aires se encuentra discriminada y perjudicada en los recursos\u201d<\/em> dijo para recordar que \u201caporta aproximadamente el 40% de todos los recursos tributarios de la Rep\u00fablica Argentina y recibe solamente el 20% de los recursos\u201d.<\/p>\n<p>\u201cPara <strong>que se dejen de mentir<\/strong> de una manera sistem\u00e1tica, la provincia de Buenos Aires tiene en la comparaci\u00f3n con los restantes provincias el <strong>menor presupuesto por habitante<\/strong>. Esas ideas de que la provincia tiene impuestazos o que la provincia recibe mucho o que la provincia gasta demasiado, est\u00e1 absolutamente divorciado de la realidad. <strong>La provincia es la que menos gasta por habitante de la Argentina, es la m\u00e1s austera<\/strong>. Y adem\u00e1s, la segunda provincia que menos trabajadores estatales tiene por habitante. O sea que es<strong> la que menos recibe, es la que menos gasta y la que tiene el estado m\u00e1s peque\u00f1o\u201d<\/strong> subray\u00f3 el mandatario provincial.<\/p>\n","protected":false},"excerpt":{"rendered":"<p>El jefe comunal de Olavarr\u00eda particip\u00f3 de las actividades desarrolladas en la ma\u00f1ana de este martes en CABA. Kicillof apunt\u00f3<\/p>\n","protected":false},"author":4,"featured_media":118262,"comment_status":"closed","ping_status":"closed","sticky":false,"template":"","format":"standard","meta":{"_jetpack_memberships_contains_paid_content":false,"footnotes":""},"categories":[4,1],"tags":[],"class_list":["post-118261","post","type-post","status-publish","format-standard","has-post-thumbnail","hentry","category-politica","category-portada"],"jetpack_featured_media_url":"https:\/\/i0.wp.com\/cdnoticias.com\/wp-content\/uploads\/2024\/06\/kicillof-intendentes-fondos-0.jpg?fit=800%2C445&ssl=1","jetpack_sharing_enabled":true,"_links":{"self":[{"href":"https:\/\/cdnoticias.com\/index.php\/wp-json\/wp\/v2\/posts\/118261","targetHints":{"allow":["GET"]}}],"collection":[{"href":"https:\/\/cdnoticias.com\/index.php\/wp-json\/wp\/v2\/posts"}],"about":[{"href":"https:\/\/cdnoticias.com\/index.php\/wp-json\/wp\/v2\/types\/post"}],"author":[{"embeddable":true,"href":"https:\/\/cdnoticias.com\/index.php\/wp-json\/wp\/v2\/users\/4"}],"replies":[{"embeddable":true,"href":"https:\/\/cdnoticias.com\/index.php\/wp-json\/wp\/v2\/comments?post=118261"}],"version-history":[{"count":0,"href":"https:\/\/cdnoticias.com\/index.php\/wp-json\/wp\/v2\/posts\/118261\/revisions"}],"wp:featuredmedia":[{"embeddable":true,"href":"https:\/\/cdnoticias.com\/index.php\/wp-json\/wp\/v2\/media\/118262"}],"wp:attachment":[{"href":"https:\/\/cdnoticias.com\/index.php\/wp-json\/wp\/v2\/media?parent=118261"}],"wp:term":[{"taxonomy":"category","embeddable":true,"href":"https:\/\/cdnoticias.com\/index.php\/wp-json\/wp\/v2\/categories?post=118261"},{"taxonomy":"post_tag","embeddable":true,"href":"https:\/\/cdnoticias.com\/index.php\/wp-json\/wp\/v2\/tags?post=118261"}],"curies":[{"name":"wp","href":"https:\/\/api.w.org\/{rel}","templated":true}]}}