{"id":118255,"date":"2024-06-11T18:31:11","date_gmt":"2024-06-11T21:31:11","guid":{"rendered":"https:\/\/cdnoticias.com\/?p=118255"},"modified":"2024-06-11T18:31:13","modified_gmt":"2024-06-11T21:31:13","slug":"union-liberal-revitaliza-su-estructura","status":"publish","type":"post","link":"https:\/\/cdnoticias.com\/index.php\/2024\/06\/11\/union-liberal-revitaliza-su-estructura\/","title":{"rendered":"Uni\u00f3n Liberal \u201crevitaliza\u201d su estructura"},"content":{"rendered":"<p>El partido pol\u00edtico aprob\u00f3 su nueva carta org\u00e1nica en una reuni\u00f3n en San Miguel. Se moderniza la organizaci\u00f3n interna. Adhesi\u00f3n desde Olavarr\u00eda.<!--more--><\/p>\n<hr \/>\n<p>En una<strong> reuni\u00f3n de Convenci\u00f3n<\/strong> celebrada el pasado s\u00e1bado, <strong>Uni\u00f3n Liberal<\/strong> marc\u00f3 un hito significativo en su historia al <strong>aprobar en forma un\u00e1nime una nueva carta org\u00e1nica<\/strong>. Participaron <strong>m\u00e1s de 60 dirigentes<\/strong> de toda la provincia, quienes se congregaron, en la localidad de San Miguel con el firme <strong>prop\u00f3sito de \u201crevitalizar y reestructurar el partido\u201d<\/strong>.<\/p>\n<p>Seg\u00fan se inform\u00f3, <em>\u201cla convenci\u00f3n se desarroll\u00f3 en un ambiente de entusiasmo y esperanza<\/em>, reflejando la determinaci\u00f3n de sus miembros para dar al partido una nueva impronta que se traducir\u00e1 en brindar a sus afiliados una nueva forma de hacer pol\u00edtica. La aprobaci\u00f3n de la nueva carta org\u00e1nica fue el punto culminante de la reuni\u00f3n y fue recibida con aplausos por parte de los asistentes\u201d.<\/p>\n<p>El <strong>presidente de la Convenci\u00f3n, Ricardo Bay\u00e9s<\/strong>, en su discurso final, destac\u00f3 la importancia de este cambio. Se\u00f1al\u00f3 que la nueva carta org\u00e1nica no solo<strong> moderniza la estructura interna del partido<\/strong>, sino que tambi\u00e9n <strong>establece un marco m\u00e1s inclusivo y participativo<\/strong>. <em>\u201cEstamos listos para enfrentar los desaf\u00edos del presente y del futuro con una visi\u00f3n renovada y una estructura m\u00e1s s\u00f3lida\u201d<\/em>, afirm\u00f3.<\/p>\n<p>La convenci\u00f3n cont\u00f3 con la intervenci\u00f3n de varios miembros destacados de Uni\u00f3n Liberal, quienes expusieron sus puntos de vista sobre la nueva carta org\u00e1nica y su impacto positivo. Los discursos enfatizaron<em> \u201cla necesidad de adaptarse a los tiempos modernos y de recuperar la confianza de los votantes mediante pol\u00edticas claras y transparentes\u201d<\/em>.<\/p>\n<p>Adem\u00e1s, se discutieron <strong>estrategias para aumentar la presencia del partido en el \u00e1mbito pol\u00edtico nacional y provincial<\/strong>, incluyendo una mayor interacci\u00f3n con la ciudadan\u00eda y la utilizaci\u00f3n de plataformas digitales para acercar sus propuestas a la poblaci\u00f3n.<\/p>\n<p>La aprobaci\u00f3n de la nueva carta org\u00e1nica de Uni\u00f3n Liberal representa un paso decisivo hacia la renovaci\u00f3n y el fortalecimiento del partido.<\/p>\n<p>Adem\u00e1s se aprob\u00f3 el funcionamiento de la Comisi\u00f3n de Acci\u00f3n Pol\u00edtica (e.f.) cuyas funciones ser\u00e1n: creaci\u00f3n de documentaci\u00f3n digital destinada a publicidad; generar estrategias para la mayor difusi\u00f3n de la citada publicidad; generar contenidos de prensa; crear nuevas ideas que ampl\u00eden el trabajo territorial en los distritos; implementaci\u00f3n de cursos, conferencias y debates en los mismos.<\/p>\n<p><em>\u201cCon esta nueva estructura, la Uni\u00f3n Liberal se prepara para enfrentar con renovado vigor los retos pol\u00edticos que se avecinan, con la firme convicci\u00f3n de que el cambio interno es el primer paso hacia el \u00e9xito externo\u201d<\/em> se destac\u00f3 en el cierre.<\/p>\n<blockquote><p>Uni\u00f3n Liberal tiene entre sus referentes en Olavarr\u00eda a Sergio Romero y Marcelo Delaude. Si bien no asistieron a la reuni\u00f3n de San Miguel, se inform\u00f3 que adhieren a las modificaciones aprobadas.<\/p><\/blockquote>\n","protected":false},"excerpt":{"rendered":"<p>El partido pol\u00edtico aprob\u00f3 su nueva carta org\u00e1nica en una reuni\u00f3n en San Miguel. Se moderniza la organizaci\u00f3n interna. Adhesi\u00f3n<\/p>\n","protected":false},"author":4,"featured_media":118256,"comment_status":"closed","ping_status":"closed","sticky":false,"template":"","format":"standard","meta":{"_jetpack_memberships_contains_paid_content":false,"footnotes":""},"categories":[6,1],"tags":[],"class_list":["post-118255","post","type-post","status-publish","format-standard","has-post-thumbnail","hentry","category-nacionales","category-portada"],"jetpack_featured_media_url":"https:\/\/i0.wp.com\/cdnoticias.com\/wp-content\/uploads\/2024\/06\/union-liberal-reunion-san-miguel-00.jpg?fit=800%2C445&ssl=1","jetpack_sharing_enabled":true,"_links":{"self":[{"href":"https:\/\/cdnoticias.com\/index.php\/wp-json\/wp\/v2\/posts\/118255","targetHints":{"allow":["GET"]}}],"collection":[{"href":"https:\/\/cdnoticias.com\/index.php\/wp-json\/wp\/v2\/posts"}],"about":[{"href":"https:\/\/cdnoticias.com\/index.php\/wp-json\/wp\/v2\/types\/post"}],"author":[{"embeddable":true,"href":"https:\/\/cdnoticias.com\/index.php\/wp-json\/wp\/v2\/users\/4"}],"replies":[{"embeddable":true,"href":"https:\/\/cdnoticias.com\/index.php\/wp-json\/wp\/v2\/comments?post=118255"}],"version-history":[{"count":0,"href":"https:\/\/cdnoticias.com\/index.php\/wp-json\/wp\/v2\/posts\/118255\/revisions"}],"wp:featuredmedia":[{"embeddable":true,"href":"https:\/\/cdnoticias.com\/index.php\/wp-json\/wp\/v2\/media\/118256"}],"wp:attachment":[{"href":"https:\/\/cdnoticias.com\/index.php\/wp-json\/wp\/v2\/media?parent=118255"}],"wp:term":[{"taxonomy":"category","embeddable":true,"href":"https:\/\/cdnoticias.com\/index.php\/wp-json\/wp\/v2\/categories?post=118255"},{"taxonomy":"post_tag","embeddable":true,"href":"https:\/\/cdnoticias.com\/index.php\/wp-json\/wp\/v2\/tags?post=118255"}],"curies":[{"name":"wp","href":"https:\/\/api.w.org\/{rel}","templated":true}]}}