{"id":118223,"date":"2024-06-12T08:10:50","date_gmt":"2024-06-12T11:10:50","guid":{"rendered":"https:\/\/cdnoticias.com\/?p=118223"},"modified":"2024-06-12T10:29:21","modified_gmt":"2024-06-12T13:29:21","slug":"pedro-aznar-vuelve-a-olavarria-para-celebrar-sus-50-anos-con-la-musica","status":"publish","type":"post","link":"https:\/\/cdnoticias.com\/index.php\/2024\/06\/12\/pedro-aznar-vuelve-a-olavarria-para-celebrar-sus-50-anos-con-la-musica\/","title":{"rendered":"Pedro Aznar vuelve a Olavarr\u00eda para celebrar sus 50 a\u00f1os con la m\u00fasica"},"content":{"rendered":"\n<p>El show ser\u00e1 el 1\u00b0 de agosto en el Teatro Municipal. Las entradas ya est\u00e1n a la venta.<\/p>\n\n\n\n<hr class=\"wp-block-separator aligncenter has-alpha-channel-opacity\"\/>\n\n\n\n<p>En el marco de su gira por Argentina, Latinoam\u00e9rica y Europa, <strong>Pedro Aznar llega a Olavarr\u00eda para celebrar sus 50 a\u00f1os de carrera,<\/strong> con un repertorio elegido por su p\u00fablico en sus redes sociales, donde no faltar\u00e1n los grandes \u00e9xitos de su extensa trayectoria.<\/p>\n\n\n\n<p><\/p>\n\n\n\n<p>Aznar presentar\u00e1 su show <strong>\u201cPedro Aznar 5.0 \u2013 50 a\u00f1os de m\u00fasica<\/strong>\u201d el <strong>jueves 1\u00ba de agosto, a las 21 horas, en el Teatro Municipal<\/strong>. Las entradas ya se encuentran a la venta.<\/p>\n\n\n\n<p><\/p>\n\n\n\n<p class=\"has-medium-font-size\"><strong>Valores de las entradas<\/strong><\/p>\n\n\n\n<p>Entrada general numerada en plateas y palcos. Venta en Tecnocentro (Rivadavia 3065) en efectivo: <strong>$30800 Platea baja- $ 27500 Platea alta- $ 33000 Palcos- $ 24200 Pullman.<\/strong><\/p>\n\n\n\n<p>Venta online en www.articket.com.ar con cr\u00e9dito y d\u00e9bito: <strong>$ 32200 Platea baja- $ 28750 Platea alta- $ 34500 Palcos- $ 25300 Pullman.<\/strong><\/p>\n\n\n\n<p><\/p>\n\n\n\n<p class=\"has-medium-font-size\"><strong>Un poco de historia<\/strong><\/p>\n\n\n\n<p><\/p>\n\n\n\n<p>Pedro Aznar fue integrante de los grupos <strong>Madre At\u00f3mica, Alas,&nbsp; Ser\u00fa Giran y Pat Metheny Group<\/strong> y fue convocado por innumerables artistas con quienes ha grabado, producido y compartido escenario:&nbsp; Luis Alberto Spinetta, Mercedes Sosa, Fito P\u00e1ez, Leda Valladares, Lila Downs, Pablo Milanes, Caetano Veloso, Jairo, Soda Stereo, Juan Manuel Serrat, Gal Costa, Le\u00f3n Gieco, por nombrar algunos.<\/p>\n\n\n\n<p><\/p>\n\n\n\n<p>En su notable historial, Aznar obtuvo tres Premios Grammy a la \u201cMejor performance de jazz contempor\u00e1neo\u201d, con el Pat Metheny Group!.<\/p>\n\n\n\n<p><\/p>\n\n\n\n<p>Tambi\u00e9n <strong>ha compuesto y grabado m\u00fasica de pel\u00edculas<\/strong> de los directores de cine Eliseo Subiela, Javier Torre, Beda Docampo Feijoo, N\u00e9stor Montalbano, entre otros, y ha recibido varios premios como el C\u00f3ndor de Plata.&nbsp; Adem\u00e1s ha musicalizado innumerables obras de teatro y danza.<\/p>\n\n\n\n<p><\/p>\n\n\n\n<p>Cuenta con la edici\u00f3n de <strong>veintid\u00f3s discos como solista y m\u00e1s de cien con otros artistas.<\/strong> Con Charly Garc\u00eda, grab\u00f3 dos discos: Tango y Tango 4. Tambi\u00e9n grab\u00f3 y co-produci\u00f3 con Shakira dos canciones para la banda de sonido de la pel\u00edcula El amor en tiempos de c\u00f3lera, basada en el libro hom\u00f3nimo de Gabriel Garc\u00eda M\u00e1rquez.<\/p>\n\n\n\n<p><\/p>\n\n\n\n<p>Aznar ha llegado a grabar con Roger Waters una canci\u00f3n para la Fundaci\u00f3n Alas. La grabaci\u00f3n, hecha en los estudios Looking Glass de la ciudad de Nueva York, cont\u00f3 con la participaci\u00f3n de Gustavo Cerati y varios artistas invitados.<\/p>\n\n\n\n<p><\/p>\n\n\n\n<p>Asimismo tiene <strong>dos libros de poemas publicados<\/strong>: Prueba de Fuego y Dos Pasajes a La Noche. Ha realizado giras por Argentina, Chile, Brasil, Uruguay, Paraguay, Bolivia, M\u00e9xico, China y&nbsp; Estados Unidos, entre otros.<\/p>\n\n\n\n<p><\/p>\n\n\n\n<p>Pedro Aznar tambi\u00e9n recibi\u00f3 la distinci\u00f3n de Personalidad Destacada de la Cultura de la Ciudad de Buenos Aires en el Sal\u00f3n Dorado del Palacio de la Legislatura. Fue reconocido con Tres Premios Grammy, varios Premios Gardel, Premio Konex y Dos Premios Clar\u00edn.<\/p>\n","protected":false},"excerpt":{"rendered":"<p>El show ser\u00e1 el 1\u00b0 de agosto en el Teatro Municipal. Las entradas ya est\u00e1n a la venta. En el<\/p>\n","protected":false},"author":6,"featured_media":118225,"comment_status":"closed","ping_status":"closed","sticky":false,"template":"","format":"standard","meta":{"_jetpack_memberships_contains_paid_content":false,"footnotes":""},"categories":[9,1],"tags":[],"class_list":["post-118223","post","type-post","status-publish","format-standard","has-post-thumbnail","hentry","category-cultura","category-portada"],"jetpack_featured_media_url":"https:\/\/i0.wp.com\/cdnoticias.com\/wp-content\/uploads\/2024\/06\/pedro-aznar.png?fit=880%2C523&ssl=1","jetpack_sharing_enabled":true,"_links":{"self":[{"href":"https:\/\/cdnoticias.com\/index.php\/wp-json\/wp\/v2\/posts\/118223","targetHints":{"allow":["GET"]}}],"collection":[{"href":"https:\/\/cdnoticias.com\/index.php\/wp-json\/wp\/v2\/posts"}],"about":[{"href":"https:\/\/cdnoticias.com\/index.php\/wp-json\/wp\/v2\/types\/post"}],"author":[{"embeddable":true,"href":"https:\/\/cdnoticias.com\/index.php\/wp-json\/wp\/v2\/users\/6"}],"replies":[{"embeddable":true,"href":"https:\/\/cdnoticias.com\/index.php\/wp-json\/wp\/v2\/comments?post=118223"}],"version-history":[{"count":0,"href":"https:\/\/cdnoticias.com\/index.php\/wp-json\/wp\/v2\/posts\/118223\/revisions"}],"wp:featuredmedia":[{"embeddable":true,"href":"https:\/\/cdnoticias.com\/index.php\/wp-json\/wp\/v2\/media\/118225"}],"wp:attachment":[{"href":"https:\/\/cdnoticias.com\/index.php\/wp-json\/wp\/v2\/media?parent=118223"}],"wp:term":[{"taxonomy":"category","embeddable":true,"href":"https:\/\/cdnoticias.com\/index.php\/wp-json\/wp\/v2\/categories?post=118223"},{"taxonomy":"post_tag","embeddable":true,"href":"https:\/\/cdnoticias.com\/index.php\/wp-json\/wp\/v2\/tags?post=118223"}],"curies":[{"name":"wp","href":"https:\/\/api.w.org\/{rel}","templated":true}]}}