{"id":118221,"date":"2024-06-11T08:20:13","date_gmt":"2024-06-11T11:20:13","guid":{"rendered":"https:\/\/cdnoticias.com\/?p=118221"},"modified":"2024-06-11T10:47:57","modified_gmt":"2024-06-11T13:47:57","slug":"la-unidad-del-movimiento-obrero-organizado-es-la-unica-garantia-que-tiene-nuestro-pueblo-de-resistir","status":"publish","type":"post","link":"https:\/\/cdnoticias.com\/index.php\/2024\/06\/11\/la-unidad-del-movimiento-obrero-organizado-es-la-unica-garantia-que-tiene-nuestro-pueblo-de-resistir\/","title":{"rendered":"\u201cLa unidad del movimiento obrero organizado es la \u00fanica garant\u00eda que tiene nuestro pueblo de resistir\u201d"},"content":{"rendered":"\n<p>Desde la CGT Regional Olavarr\u00eda adhirieron al Proyecto de Ley provincial que recompone las indemnizaciones. \u201cConfiamos en que el Senado Provincial acompa\u00f1ar\u00e1 esta propuesta\u201d remarcaron en un comunicado.<\/p>\n\n\n\n<hr class=\"wp-block-separator aligncenter has-alpha-channel-opacity\"\/>\n\n\n\n<p>La <strong>CGT Delegaci\u00f3n Regional Olavarr\u00eda<\/strong> expres\u00f3 a trav\u00e9s de un comunicado su <strong>adhesi\u00f3n al Proyecto de Ley provincial D-199\/24-25 <\/strong>que recompone las indemnizaciones y que ha recibido <strong>media sanci\u00f3n de la C\u00e1mara de Diputados<\/strong> de la provincia, \u201cinspirada en la defensa de la dignificaci\u00f3n del trabajo y en contra de las conductas especulativas de algunos sectores patronales\u201d.<\/p>\n\n\n\n<p><\/p>\n\n\n\n<blockquote class=\"wp-block-quote is-layout-flow wp-block-quote-is-layout-flow\">\n<p>\u201cEntendemos que la unidad del movimiento obrero organizado, es por ahora la \u00fanica garant\u00eda que tiene nuestro pueblo de resistir formalmente el avance de las pol\u00edticas del gobierno nacional, que nos quiere ubicar cronol\u00f3gicamente en \u00e9pocas pre-peronistas\u201d expresaron en el comunicado.<\/p>\n<\/blockquote>\n\n\n\n<p><\/p>\n\n\n\n<p>Asimismo, concluyeron: \u201c<strong><em>Confiamos en que el Senado Provincial acompa\u00f1ar\u00e1 esta propuesta priorizando los derechos de las y los trabajadores, garantizando la justicia social por la que tanto luchamos y seguiremos luchando\u201d.<\/em><\/strong><\/p>\n","protected":false},"excerpt":{"rendered":"<p>Desde la CGT Regional Olavarr\u00eda adhirieron al Proyecto de Ley provincial que recompone las indemnizaciones. \u201cConfiamos en que el Senado<\/p>\n","protected":false},"author":6,"featured_media":115657,"comment_status":"closed","ping_status":"closed","sticky":false,"template":"","format":"standard","meta":{"_jetpack_memberships_contains_paid_content":false,"footnotes":""},"categories":[4,1],"tags":[],"class_list":["post-118221","post","type-post","status-publish","format-standard","has-post-thumbnail","hentry","category-politica","category-portada"],"jetpack_featured_media_url":"https:\/\/i0.wp.com\/cdnoticias.com\/wp-content\/uploads\/2024\/05\/cgt-olavarria-paro1.jpg?fit=1051%2C585&ssl=1","jetpack_sharing_enabled":true,"_links":{"self":[{"href":"https:\/\/cdnoticias.com\/index.php\/wp-json\/wp\/v2\/posts\/118221","targetHints":{"allow":["GET"]}}],"collection":[{"href":"https:\/\/cdnoticias.com\/index.php\/wp-json\/wp\/v2\/posts"}],"about":[{"href":"https:\/\/cdnoticias.com\/index.php\/wp-json\/wp\/v2\/types\/post"}],"author":[{"embeddable":true,"href":"https:\/\/cdnoticias.com\/index.php\/wp-json\/wp\/v2\/users\/6"}],"replies":[{"embeddable":true,"href":"https:\/\/cdnoticias.com\/index.php\/wp-json\/wp\/v2\/comments?post=118221"}],"version-history":[{"count":0,"href":"https:\/\/cdnoticias.com\/index.php\/wp-json\/wp\/v2\/posts\/118221\/revisions"}],"wp:featuredmedia":[{"embeddable":true,"href":"https:\/\/cdnoticias.com\/index.php\/wp-json\/wp\/v2\/media\/115657"}],"wp:attachment":[{"href":"https:\/\/cdnoticias.com\/index.php\/wp-json\/wp\/v2\/media?parent=118221"}],"wp:term":[{"taxonomy":"category","embeddable":true,"href":"https:\/\/cdnoticias.com\/index.php\/wp-json\/wp\/v2\/categories?post=118221"},{"taxonomy":"post_tag","embeddable":true,"href":"https:\/\/cdnoticias.com\/index.php\/wp-json\/wp\/v2\/tags?post=118221"}],"curies":[{"name":"wp","href":"https:\/\/api.w.org\/{rel}","templated":true}]}}