{"id":118216,"date":"2024-06-11T09:01:58","date_gmt":"2024-06-11T12:01:58","guid":{"rendered":"https:\/\/cdnoticias.com\/?p=118216"},"modified":"2024-06-11T09:02:00","modified_gmt":"2024-06-11T12:02:00","slug":"graduadas-y-graduados-de-facso-recibieron-sus-titulos-de-grado","status":"publish","type":"post","link":"https:\/\/cdnoticias.com\/index.php\/2024\/06\/11\/graduadas-y-graduados-de-facso-recibieron-sus-titulos-de-grado\/","title":{"rendered":"Graduadas y graduados de FACSO recibieron sus t\u00edtulos de grado"},"content":{"rendered":"\n<p>El acto de colaci\u00f3n cont\u00f3 con la presencia de amigos y familiares quienes acompa\u00f1aron a los nuevos graduados de la unidad acad\u00e9mica.<\/p>\n\n\n\n<hr class=\"wp-block-separator aligncenter has-alpha-channel-opacity\"\/>\n\n\n\n<p>En una emotiva jornada y con el acompa\u00f1amiento de gran cantidad de amigos y familiares, se llev\u00f3 adelante en el SUM del Edificio de Aulas Comunes del Complejo Universitario de Olavarr\u00eda <strong>el 164\u00aa acto de Colaci\u00f3n de Grados<\/strong> de la Universidad Nacional del Centro de la Provincia de Buenos Aires.<\/p>\n\n\n\n<p><\/p>\n\n\n\n<p>All\u00ed se entregaron t\u00edtulos a <strong>graduados y graduadas de las facultades de Ciencias Sociales, Ciencias de la Salud e Ingenier\u00eda.<\/strong> El acto estuvo encabezado por la secretaria acad\u00e9mica de la UNICEN, Mag. Natalia Giamberardino, la decana de FACSO, Lic. Gabriela Gamberini, la decana de FIO, Ing. Mar\u00eda Hayde\u00e9 Peralta, y el decano de FCS, Med. H\u00e9ctor Trebucq.<\/p>\n\n\n\n<p><\/p>\n\n\n\n<p>Por la Facultad de Ciencias Sociales estuvieron presentes adem\u00e1s la vicedecana Dra. Mar\u00eda Luz Endere, la secretaria acad\u00e9mica Lic. Gabriela Loustaunau, estudiantes, docentes y nodocentes.<\/p>\n\n\n\n<p><\/p>\n\n\n\n<figure class=\"wp-block-image aligncenter size-full\"><img data-recalc-dims=\"1\" loading=\"lazy\" decoding=\"async\" width=\"800\" height=\"485\" src=\"https:\/\/i0.wp.com\/cdnoticias.com\/wp-content\/uploads\/2024\/06\/nuevosgraduados2.png?resize=800%2C485&#038;ssl=1\" alt=\"\" class=\"wp-image-118219\" srcset=\"https:\/\/i0.wp.com\/cdnoticias.com\/wp-content\/uploads\/2024\/06\/nuevosgraduados2.png?w=900&amp;ssl=1 900w, https:\/\/i0.wp.com\/cdnoticias.com\/wp-content\/uploads\/2024\/06\/nuevosgraduados2.png?resize=300%2C182&amp;ssl=1 300w, https:\/\/i0.wp.com\/cdnoticias.com\/wp-content\/uploads\/2024\/06\/nuevosgraduados2.png?resize=768%2C466&amp;ssl=1 768w\" sizes=\"auto, (max-width: 800px) 100vw, 800px\" \/><\/figure>\n\n\n\n<p><\/p>\n\n\n\n<p>Las palabras de despedida estuvieron a cargo del graduado de la carrera de Ingenier\u00eda Industrial de la Facultad de Ingenier\u00eda, Ignacio Heredia.<\/p>\n\n\n\n<p><\/p>\n\n\n\n<p>Adem\u00e1s, el M\u00e9dico H\u00e9ctor Trebucq felicit\u00f3 a graduados y graduadas y valor\u00f3 la importancia de la universidad p\u00fablica para la movilidad social ascendente mediante la educaci\u00f3n: \u201c<strong>La democracia permite que se la critique y ataque pero tambi\u00e9n nos convoca como comunidad universitaria a defenderla\u201d,<\/strong> expres\u00f3.<\/p>\n\n\n\n<p><\/p>\n\n\n\n<p>La toma de juramento estuvo a cargo de la Mag. Natalia Gamberardino, quien agradeci\u00f3 a graduados y graduadas \u201cpor elegirnos, no s\u00f3lo para su carrera profesional y acad\u00e9mica sino tambi\u00e9n para sus vida. Este momento es muy valioso e importante y los invitamos a seguir siendo parte del cogobierno de nuestra Universidad como graduados y graduadas\u201d.<\/p>\n\n\n\n<p><\/p>\n\n\n\n<p class=\"has-medium-font-size\"><strong>Nuevas graduadas y graduados de FACSO<\/strong><\/p>\n\n\n\n<p><\/p>\n\n\n\n<figure class=\"wp-block-image aligncenter size-full\"><img data-recalc-dims=\"1\" loading=\"lazy\" decoding=\"async\" width=\"800\" height=\"533\" src=\"https:\/\/i0.wp.com\/cdnoticias.com\/wp-content\/uploads\/2024\/06\/nuevosgraduados.png?resize=800%2C533&#038;ssl=1\" alt=\"\" class=\"wp-image-118217\" srcset=\"https:\/\/i0.wp.com\/cdnoticias.com\/wp-content\/uploads\/2024\/06\/nuevosgraduados.png?w=900&amp;ssl=1 900w, https:\/\/i0.wp.com\/cdnoticias.com\/wp-content\/uploads\/2024\/06\/nuevosgraduados.png?resize=300%2C200&amp;ssl=1 300w, https:\/\/i0.wp.com\/cdnoticias.com\/wp-content\/uploads\/2024\/06\/nuevosgraduados.png?resize=768%2C512&amp;ssl=1 768w, https:\/\/i0.wp.com\/cdnoticias.com\/wp-content\/uploads\/2024\/06\/nuevosgraduados.png?resize=272%2C182&amp;ssl=1 272w\" sizes=\"auto, (max-width: 800px) 100vw, 800px\" \/><\/figure>\n\n\n\n<p>Licenciatura en Comunicaci\u00f3n Social orientaci\u00f3n Institucional: Mar\u00eda Laura Hoffmann y Macarena Spaltro.<\/p>\n\n\n\n<p><\/p>\n\n\n\n<p>Licenciatura en Comunicaci\u00f3n Social orientaci\u00f3n Medi\u00e1tica: Martina Lastape, Solange Lucila Rivarola Vales, Alejandra Mariel Rodr\u00edguez, Mar\u00eda Guadalupe Santana, Natalia Soria y Mar\u00eda Cecilia Vitale.<\/p>\n\n\n\n<p><\/p>\n\n\n\n<p>Licenciatura en Relaciones Laborales: Daiana Magal\u00ed Dumerauf y Germ\u00e1n Graf.<\/p>\n\n\n\n<p><\/p>\n","protected":false},"excerpt":{"rendered":"<p>El acto de colaci\u00f3n cont\u00f3 con la presencia de amigos y familiares quienes acompa\u00f1aron a los nuevos graduados de la<\/p>\n","protected":false},"author":6,"featured_media":118218,"comment_status":"closed","ping_status":"closed","sticky":false,"template":"","format":"standard","meta":{"_jetpack_memberships_contains_paid_content":false,"footnotes":""},"categories":[5,1],"tags":[],"class_list":["post-118216","post","type-post","status-publish","format-standard","has-post-thumbnail","hentry","category-informacion-general","category-portada"],"jetpack_featured_media_url":"https:\/\/i0.wp.com\/cdnoticias.com\/wp-content\/uploads\/2024\/06\/nuevosgraduados1.png?fit=900%2C542&ssl=1","jetpack_sharing_enabled":true,"_links":{"self":[{"href":"https:\/\/cdnoticias.com\/index.php\/wp-json\/wp\/v2\/posts\/118216","targetHints":{"allow":["GET"]}}],"collection":[{"href":"https:\/\/cdnoticias.com\/index.php\/wp-json\/wp\/v2\/posts"}],"about":[{"href":"https:\/\/cdnoticias.com\/index.php\/wp-json\/wp\/v2\/types\/post"}],"author":[{"embeddable":true,"href":"https:\/\/cdnoticias.com\/index.php\/wp-json\/wp\/v2\/users\/6"}],"replies":[{"embeddable":true,"href":"https:\/\/cdnoticias.com\/index.php\/wp-json\/wp\/v2\/comments?post=118216"}],"version-history":[{"count":0,"href":"https:\/\/cdnoticias.com\/index.php\/wp-json\/wp\/v2\/posts\/118216\/revisions"}],"wp:featuredmedia":[{"embeddable":true,"href":"https:\/\/cdnoticias.com\/index.php\/wp-json\/wp\/v2\/media\/118218"}],"wp:attachment":[{"href":"https:\/\/cdnoticias.com\/index.php\/wp-json\/wp\/v2\/media?parent=118216"}],"wp:term":[{"taxonomy":"category","embeddable":true,"href":"https:\/\/cdnoticias.com\/index.php\/wp-json\/wp\/v2\/categories?post=118216"},{"taxonomy":"post_tag","embeddable":true,"href":"https:\/\/cdnoticias.com\/index.php\/wp-json\/wp\/v2\/tags?post=118216"}],"curies":[{"name":"wp","href":"https:\/\/api.w.org\/{rel}","templated":true}]}}