{"id":118211,"date":"2024-06-10T17:29:11","date_gmt":"2024-06-10T20:29:11","guid":{"rendered":"https:\/\/cdnoticias.com\/?p=118211"},"modified":"2024-06-11T08:25:55","modified_gmt":"2024-06-11T11:25:55","slug":"descarrilamiento-de-tren-en-pourtale-procesaron-al-conductor-y-a-un-ayudante","status":"publish","type":"post","link":"https:\/\/cdnoticias.com\/index.php\/2024\/06\/10\/descarrilamiento-de-tren-en-pourtale-procesaron-al-conductor-y-a-un-ayudante\/","title":{"rendered":"Descarrilamiento de tren en Pourtal\u00e9: procesaron al conductor y a un ayudante"},"content":{"rendered":"\n<p>As\u00ed lo resolvi\u00f3 el juez Federal de Azul Gabriel Di Giulio. La causa fue encuadrada bajo el delito de Estrago Culposo. El hecho ocurri\u00f3 el 8 de marzo de 2022.<\/p>\n\n\n\n<hr class=\"wp-block-separator has-alpha-channel-opacity\"\/>\n\n\n\n<p>El juez Federal de Azul Gabriel Di Giulio resolvi\u00f3 el procesamiento por el delito de <strong>Estrago Culposo<\/strong>, del <strong>conductor y del ayudante de conductor<\/strong> del tren que <a href=\"https:\/\/cdnoticias.com\/index.php\/2022\/03\/08\/pourtale-descarrilo-el-tren-de-pasajeros-y-hay-al-menos-ocho-heridos\/\" data-type=\"link\" data-id=\"https:\/\/cdnoticias.com\/index.php\/2022\/03\/08\/pourtale-descarrilo-el-tren-de-pasajeros-y-hay-al-menos-ocho-heridos\/\">descarrill\u00f3 el 8 de marzo de 2022 a la altura de la estaci\u00f3n de Pourtal\u00e9, en el partido de Olavarr\u00eda.<\/a><\/p>\n\n\n\n<p><\/p>\n\n\n\n<p>Di Giulio resolvi\u00f3 que adem\u00e1s deber\u00e1n enfrentar un <strong>embargo preventivo de entre 5 y 10 millones de pesos.<\/strong><\/p>\n\n\n\n<p><\/p>\n\n\n\n<p>Seg\u00fan consta en el expediente, el Juez determin\u00f3 el procesamiento, sin prisi\u00f3n preventiva, a <strong>Nicol\u00e1s Ezequiel Fagioli<\/strong> \u201cen car\u00e1cter de autor, por la conducci\u00f3n de la formaci\u00f3n Tren 333 en violaci\u00f3n del deber de cuidado y en forma imprudente\u201d.<\/p>\n\n\n\n<p><\/p>\n\n\n\n<p>En tanto, se determin\u00f3 el procesamiento, sin prisi\u00f3n preventiva, a<strong> Lucas Leonel V\u00e1zquez<\/strong> \u201cen car\u00e1cter de autor, por haber omitido las medidas que le eran exigibles por su cargo y funci\u00f3n para la reducci\u00f3n de la velocidad de la formaci\u00f3n a valores seguros\u201d<\/p>\n\n\n\n<p><\/p>\n\n\n\n<figure class=\"wp-block-image size-full\"><img data-recalc-dims=\"1\" loading=\"lazy\" decoding=\"async\" width=\"800\" height=\"445\" src=\"https:\/\/i0.wp.com\/cdnoticias.com\/wp-content\/uploads\/2022\/03\/Descarrilamiento-Pourtale-Trenes-Argentinos.jpg?resize=800%2C445&#038;ssl=1\" alt=\"\" class=\"wp-image-49953\" srcset=\"https:\/\/i0.wp.com\/cdnoticias.com\/wp-content\/uploads\/2022\/03\/Descarrilamiento-Pourtale-Trenes-Argentinos.jpg?w=800&amp;ssl=1 800w, https:\/\/i0.wp.com\/cdnoticias.com\/wp-content\/uploads\/2022\/03\/Descarrilamiento-Pourtale-Trenes-Argentinos.jpg?resize=300%2C167&amp;ssl=1 300w, https:\/\/i0.wp.com\/cdnoticias.com\/wp-content\/uploads\/2022\/03\/Descarrilamiento-Pourtale-Trenes-Argentinos.jpg?resize=768%2C427&amp;ssl=1 768w\" sizes=\"auto, (max-width: 800px) 100vw, 800px\" \/><\/figure>\n\n\n\n<p><\/p>\n\n\n\n<p>En la resoluci\u00f3n, tambi\u00e9n se decret\u00f3 la<strong> falta de m\u00e9rito para procesar o sobeseer<\/strong> a Daniel De Diego, Dami\u00e1n Leonhardt, Marcelo Fabi\u00e1n S\u00e1nchez, Alejandro H\u00e9ctor Leonetti y Rogelio Tulio Justo.<\/p>\n\n\n\n<p><\/p>\n\n\n\n<p>Y se desestimaron las <strong>solicitudes de sobreseimiento<\/strong> formuladas a favor de Nicol\u00e1s Ezequiel Fagioli, Lucas Leonel V\u00e1zquez, Daniel De Diego, Dami\u00e1n Leonhardt, Marcelo Fabi\u00e1n S\u00e1nchez, Alejandro H\u00e9ctor Leonetti y de Rogelio Tulio Justo.<\/p>\n\n\n\n<p><\/p>\n\n\n\n<p>Por otra parte, se rechaz\u00f3 por<strong> inadmisible<\/strong>, el planteo de nulidad de la pericia accidentol\u00f3gica formulado por el coimputado Marcelo Fabi\u00e1n S\u00e1nchez.<\/p>\n\n\n\n<p><\/p>\n\n\n\n<figure class=\"wp-block-image size-full\"><img data-recalc-dims=\"1\" loading=\"lazy\" decoding=\"async\" width=\"800\" height=\"445\" src=\"https:\/\/i0.wp.com\/cdnoticias.com\/wp-content\/uploads\/2022\/03\/tren-14.jpg?resize=800%2C445&#038;ssl=1\" alt=\"\" class=\"wp-image-48426\" srcset=\"https:\/\/i0.wp.com\/cdnoticias.com\/wp-content\/uploads\/2022\/03\/tren-14.jpg?w=1000&amp;ssl=1 1000w, https:\/\/i0.wp.com\/cdnoticias.com\/wp-content\/uploads\/2022\/03\/tren-14.jpg?resize=300%2C167&amp;ssl=1 300w, https:\/\/i0.wp.com\/cdnoticias.com\/wp-content\/uploads\/2022\/03\/tren-14.jpg?resize=768%2C427&amp;ssl=1 768w, https:\/\/i0.wp.com\/cdnoticias.com\/wp-content\/uploads\/2022\/03\/tren-14.jpg?resize=800%2C445&amp;ssl=1 800w\" sizes=\"auto, (max-width: 800px) 100vw, 800px\" \/><\/figure>\n\n\n\n<p><\/p>\n\n\n\n<p><strong>La causa<\/strong><\/p>\n\n\n\n<p><\/p>\n\n\n\n<p><strong>El 8 de marzo de 2022, alrededor de las 5:20 de la ma\u00f1ana<\/strong>, la formaci\u00f3n ferroviaria N\u00b0 333 de la empresa Operadora Ferroviaria Sociedad del Estado, circulaba por el ramal Olavarr\u00eda \u2013 Bah\u00eda Blanca, en direcci\u00f3n a la \u00faltima localidad mencionada, cuya infraestructura se encontraba concesionada a la empresa Ferroexpreso Pampeano S.A.<\/p>\n\n\n\n<p><\/p>\n\n\n\n<p>A la altura del kil\u00f3metro 346,4 <a href=\"https:\/\/cdnoticias.com\/index.php\/2022\/03\/08\/pourtale-descarrilo-el-tren-de-pasajeros-y-hay-al-menos-ocho-heridos\/\" data-type=\"link\" data-id=\"https:\/\/cdnoticias.com\/index.php\/2022\/03\/08\/pourtale-descarrilo-el-tren-de-pasajeros-y-hay-al-menos-ocho-heridos\/\">se produjo el descarrilamiento de la formaci\u00f3n y el vuelco del vag\u00f3n n\u00ba PUA 025,<\/a> ocasionando lesiones de variada gravedad a 69 personas del total de pasajeros que circulaba en el servicio.<\/p>\n\n\n\n<p><\/p>\n\n\n\n<figure class=\"wp-block-image size-full\"><img data-recalc-dims=\"1\" loading=\"lazy\" decoding=\"async\" width=\"800\" height=\"445\" src=\"https:\/\/i0.wp.com\/cdnoticias.com\/wp-content\/uploads\/2022\/03\/tren-00a.jpg?resize=800%2C445&#038;ssl=1\" alt=\"\" class=\"wp-image-48432\" srcset=\"https:\/\/i0.wp.com\/cdnoticias.com\/wp-content\/uploads\/2022\/03\/tren-00a.jpg?w=1000&amp;ssl=1 1000w, https:\/\/i0.wp.com\/cdnoticias.com\/wp-content\/uploads\/2022\/03\/tren-00a.jpg?resize=300%2C167&amp;ssl=1 300w, https:\/\/i0.wp.com\/cdnoticias.com\/wp-content\/uploads\/2022\/03\/tren-00a.jpg?resize=768%2C427&amp;ssl=1 768w, https:\/\/i0.wp.com\/cdnoticias.com\/wp-content\/uploads\/2022\/03\/tren-00a.jpg?resize=800%2C445&amp;ssl=1 800w\" sizes=\"auto, (max-width: 800px) 100vw, 800px\" \/><figcaption class=\"wp-element-caption\">Hubo personas hospitalizadas y lesionadas. <\/figcaption><\/figure>\n\n\n\n<p><\/p>\n\n\n\n<p><strong>Las imputaciones<\/strong><\/p>\n\n\n\n<p><\/p>\n\n\n\n<p>El doctor Di Giulio desarroll\u00f3 en detalle los motivos que lo llevaron a la imputaci\u00f3n y el recorrido que se concret\u00f3 con la investigaci\u00f3n.<\/p>\n\n\n\n<p><\/p>\n\n\n\n<p>Es as\u00ed que indic\u00f3 que \u201cse imputa a <strong>Nicol\u00e1s Ezequiel Fagioli,<\/strong> en su car\u00e1cter de Conductor, el haber excedido la velocidad m\u00e1xima que el estado de la v\u00eda y las caracter\u00edsticas de la formaci\u00f3n determinaban para una circulaci\u00f3n segura y en particular, el haber excedido la velocidad m\u00e1xima establecida en el Bolet\u00edn de v\u00eda que, en la zona del siniestro, era de 80 km\/h\u201d.<\/p>\n\n\n\n<p><\/p>\n\n\n\n<p>\u201cSe le imputa, asimismo, haber operado con impericia el sistema de frenos de la formaci\u00f3n, accionando el freno independiente de forma intermitente y repetitiva, y con ello haber modificado la relaci\u00f3n entre los esfuerzos verticales y horizontales presentes en el contacto entre los rieles y las ruedas de los veh\u00edculos, disminuyendo la carga vertical sobre algunos ejes y provocando los efectos alternados de compresi\u00f3n y estiramiento del tren\u201d, agreg\u00f3.<\/p>\n\n\n\n<p><\/p>\n\n\n\n<figure class=\"wp-block-image size-full\"><img data-recalc-dims=\"1\" loading=\"lazy\" decoding=\"async\" width=\"800\" height=\"445\" src=\"https:\/\/i0.wp.com\/cdnoticias.com\/wp-content\/uploads\/2022\/03\/Descarrilamiento-Pourtale-Trenes-Argentinos-02.jpg?resize=800%2C445&#038;ssl=1\" alt=\"\" class=\"wp-image-49952\" srcset=\"https:\/\/i0.wp.com\/cdnoticias.com\/wp-content\/uploads\/2022\/03\/Descarrilamiento-Pourtale-Trenes-Argentinos-02.jpg?w=800&amp;ssl=1 800w, https:\/\/i0.wp.com\/cdnoticias.com\/wp-content\/uploads\/2022\/03\/Descarrilamiento-Pourtale-Trenes-Argentinos-02.jpg?resize=300%2C167&amp;ssl=1 300w, https:\/\/i0.wp.com\/cdnoticias.com\/wp-content\/uploads\/2022\/03\/Descarrilamiento-Pourtale-Trenes-Argentinos-02.jpg?resize=768%2C427&amp;ssl=1 768w\" sizes=\"auto, (max-width: 800px) 100vw, 800px\" \/><\/figure>\n\n\n\n<p><\/p>\n\n\n\n<blockquote class=\"wp-block-quote is-layout-flow wp-block-quote-is-layout-flow\">\n<p>\u201cLa violaci\u00f3n del deber de cuidado y la imprudencia descriptas concurrieron a provocar el descarrilamiento\u201d, resalt\u00f3 el magistrado.<\/p>\n<\/blockquote>\n\n\n\n<p><\/p>\n\n\n\n<p>Por otra parte, \u201cse imputa a <strong>Lucas Leonel V\u00e1zquez<\/strong>, en su car\u00e1cter de Ayudante de Conductor, el no haber adoptado ninguna medida a su alcance para reducir la velocidad de circulaci\u00f3n de la formaci\u00f3n a los l\u00edmites seguros, de acuerdo con las circunstancias descriptas, y en particular al del bolet\u00edn de v\u00eda\u201d.<\/p>\n\n\n\n<p><\/p>\n\n\n\n<p>\u201cLa conducta le era exigible por el deber de cuidado y por las obligaciones legales derivadas de su cargo y funci\u00f3n\u201d, cerr\u00f3.<\/p>\n","protected":false},"excerpt":{"rendered":"<p>As\u00ed lo resolvi\u00f3 el juez Federal de Azul Gabriel Di Giulio. La causa fue encuadrada bajo el delito de Estrago<\/p>\n","protected":false},"author":2,"featured_media":48367,"comment_status":"closed","ping_status":"closed","sticky":false,"template":"","format":"standard","meta":{"_jetpack_memberships_contains_paid_content":false,"footnotes":""},"categories":[14,1],"tags":[],"class_list":["post-118211","post","type-post","status-publish","format-standard","has-post-thumbnail","hentry","category-policiales","category-portada"],"jetpack_featured_media_url":"https:\/\/i0.wp.com\/cdnoticias.com\/wp-content\/uploads\/2022\/03\/tren-descarrilado-00-trenes-argentinos.jpg?fit=1000%2C556&ssl=1","jetpack_sharing_enabled":true,"_links":{"self":[{"href":"https:\/\/cdnoticias.com\/index.php\/wp-json\/wp\/v2\/posts\/118211","targetHints":{"allow":["GET"]}}],"collection":[{"href":"https:\/\/cdnoticias.com\/index.php\/wp-json\/wp\/v2\/posts"}],"about":[{"href":"https:\/\/cdnoticias.com\/index.php\/wp-json\/wp\/v2\/types\/post"}],"author":[{"embeddable":true,"href":"https:\/\/cdnoticias.com\/index.php\/wp-json\/wp\/v2\/users\/2"}],"replies":[{"embeddable":true,"href":"https:\/\/cdnoticias.com\/index.php\/wp-json\/wp\/v2\/comments?post=118211"}],"version-history":[{"count":0,"href":"https:\/\/cdnoticias.com\/index.php\/wp-json\/wp\/v2\/posts\/118211\/revisions"}],"wp:featuredmedia":[{"embeddable":true,"href":"https:\/\/cdnoticias.com\/index.php\/wp-json\/wp\/v2\/media\/48367"}],"wp:attachment":[{"href":"https:\/\/cdnoticias.com\/index.php\/wp-json\/wp\/v2\/media?parent=118211"}],"wp:term":[{"taxonomy":"category","embeddable":true,"href":"https:\/\/cdnoticias.com\/index.php\/wp-json\/wp\/v2\/categories?post=118211"},{"taxonomy":"post_tag","embeddable":true,"href":"https:\/\/cdnoticias.com\/index.php\/wp-json\/wp\/v2\/tags?post=118211"}],"curies":[{"name":"wp","href":"https:\/\/api.w.org\/{rel}","templated":true}]}}