{"id":118201,"date":"2024-06-11T14:03:33","date_gmt":"2024-06-11T17:03:33","guid":{"rendered":"https:\/\/cdnoticias.com\/?p=118201"},"modified":"2024-06-11T14:03:35","modified_gmt":"2024-06-11T17:03:35","slug":"kicillof-se-reunira-con-el-papa-en-una-audiencia-privada-en-el-vaticano","status":"publish","type":"post","link":"https:\/\/cdnoticias.com\/index.php\/2024\/06\/11\/kicillof-se-reunira-con-el-papa-en-una-audiencia-privada-en-el-vaticano\/","title":{"rendered":"Kicillof se reunir\u00e1 con el Papa en una audiencia privada en el Vaticano"},"content":{"rendered":"<p>El gobernador viajar\u00e1 el mi\u00e9rcoles para tener una audiencia con el Sumo Pont\u00edfice. \u201cEl Papa Francisco es una referencia ecum\u00e9nica a nivel mundial\u201d dijo el ministro Carlos Bianco al anunciar la reuni\u00f3n.<!--more--><\/p>\n<hr \/>\n<p>El <strong>gobernador de la provincia de Buenos Aires, Axel Kicillof<\/strong>, se reunir\u00e1 en una <strong>audiencia privada con el Papa Francisco<\/strong> en el Vaticano el <strong>pr\u00f3ximo jueves<\/strong>.<\/p>\n<p>As\u00ed <strong>lo inform\u00f3 el jefe de Gabinete Bonaerense, Carlos Bianco<\/strong>, en su conferencia de prensa habitual de los lunes donde inform\u00f3 que el mandatario de la provincia mantendr\u00e1 una reuni\u00f3n privada con el Sumo Pont\u00edfice.<\/p>\n<blockquote><p>\u201cEl gobernador le va a informar de la situaci\u00f3n en la que se encuentra nuestro pa\u00eds y de los temas de la provincia de Buenos Aires. Independientemente de la religi\u00f3n que profesamos y de nuestras creencias, el Papa Francisco es una referencia ecum\u00e9nica a nivel mundial para todos aquellos que compartimos los valores cristianos de la solidaridad, cuidado de la casa com\u00fan y del bienestar espiritual y material de nuestro pueblo\u201d, expres\u00f3 el funcionario.<\/p><\/blockquote>\n<p>En ese sentido, Bianco detall\u00f3 que <strong>el gobernador viajar\u00e1 el mi\u00e9rcoles por la madrugada hacia Roma<\/strong>, llegar\u00e1 al aeropuerto de Fiumicino y el jueves tendr\u00e1 una audiencia con el Santo Padre en el Vaticano, mientras que <strong>el viernes retornar\u00e1 al pa\u00eds<\/strong>.<\/p>\n<p>Fuente: <em>Agencia DIB<\/em><\/p>\n","protected":false},"excerpt":{"rendered":"<p>El gobernador viajar\u00e1 el mi\u00e9rcoles para tener una audiencia con el Sumo Pont\u00edfice. \u201cEl Papa Francisco es una referencia ecum\u00e9nica<\/p>\n","protected":false},"author":4,"featured_media":110326,"comment_status":"closed","ping_status":"closed","sticky":false,"template":"","format":"standard","meta":{"_jetpack_memberships_contains_paid_content":false,"footnotes":""},"categories":[6],"tags":[],"class_list":["post-118201","post","type-post","status-publish","format-standard","has-post-thumbnail","hentry","category-nacionales"],"jetpack_featured_media_url":"https:\/\/i0.wp.com\/cdnoticias.com\/wp-content\/uploads\/2024\/03\/kicillof-apertura-sesiones-04.jpg?fit=800%2C445&ssl=1","jetpack_sharing_enabled":true,"_links":{"self":[{"href":"https:\/\/cdnoticias.com\/index.php\/wp-json\/wp\/v2\/posts\/118201","targetHints":{"allow":["GET"]}}],"collection":[{"href":"https:\/\/cdnoticias.com\/index.php\/wp-json\/wp\/v2\/posts"}],"about":[{"href":"https:\/\/cdnoticias.com\/index.php\/wp-json\/wp\/v2\/types\/post"}],"author":[{"embeddable":true,"href":"https:\/\/cdnoticias.com\/index.php\/wp-json\/wp\/v2\/users\/4"}],"replies":[{"embeddable":true,"href":"https:\/\/cdnoticias.com\/index.php\/wp-json\/wp\/v2\/comments?post=118201"}],"version-history":[{"count":0,"href":"https:\/\/cdnoticias.com\/index.php\/wp-json\/wp\/v2\/posts\/118201\/revisions"}],"wp:featuredmedia":[{"embeddable":true,"href":"https:\/\/cdnoticias.com\/index.php\/wp-json\/wp\/v2\/media\/110326"}],"wp:attachment":[{"href":"https:\/\/cdnoticias.com\/index.php\/wp-json\/wp\/v2\/media?parent=118201"}],"wp:term":[{"taxonomy":"category","embeddable":true,"href":"https:\/\/cdnoticias.com\/index.php\/wp-json\/wp\/v2\/categories?post=118201"},{"taxonomy":"post_tag","embeddable":true,"href":"https:\/\/cdnoticias.com\/index.php\/wp-json\/wp\/v2\/tags?post=118201"}],"curies":[{"name":"wp","href":"https:\/\/api.w.org\/{rel}","templated":true}]}}