{"id":11820,"date":"2021-01-19T18:46:49","date_gmt":"2021-01-19T21:46:49","guid":{"rendered":"http:\/\/www.centraldenoticias.com.ar\/?p=11820"},"modified":"2021-01-19T18:46:49","modified_gmt":"2021-01-19T21:46:49","slug":"pablo-ernesto-olalde-vito-q-e-p-d","status":"publish","type":"post","link":"https:\/\/cdnoticias.com\/index.php\/2021\/01\/19\/pablo-ernesto-olalde-vito-q-e-p-d\/","title":{"rendered":"Pablo Ernesto Olalde &#8220;Vito&#8221; (Q.E.P.D.)"},"content":{"rendered":"<p>Falleci\u00f3 en Olavarr\u00eda el d\u00eda 19 de Enero de 2021 a los 55 a\u00f1os de edad. Sus hijos Tomas y Trinidad Olalde, su hermana Patricia Olalde, su hermano pol\u00edtico Gabriel Cocconi, sus sobrinos Mercedes, Gast\u00f3n y Marina Cocconi, sus sobrinos pol\u00edticos Jos\u00e9 Luis Teixeira, Sof\u00eda Biesheuvel y Jonathan Rodr\u00edguez Pedroca, sus sobrinos nietos Delfina, \u00c1ngel y Donato, su amigo Sergio &#8220;Chapa&#8221; Fern\u00e1ndez, las madres de sus hijos Marina \u00c1lvarez y Jimena Cabello y dem\u00e1s deudos participan su fallecimiento.<\/p>\n<p>&nbsp;<\/p>\n<p>Sus restos ser\u00e1n velados este mi\u00e9rcoles desde las 8.30 en la sala velatoria de Espa\u00f1a 2942, departamento D, y ser\u00e1n inhumados a las 10.30 en el cementerio Loma de Paz, previo responso en la Capilla Ardiente.<\/p>\n<p>&nbsp;<\/p>\n<p>Nacido en Olavarr\u00eda, vecino de Barrio Padre Kolbe, Maestro Mayor de Obras.<\/p>\n","protected":false},"excerpt":{"rendered":"<p>Falleci\u00f3 en Olavarr\u00eda el d\u00eda 19 de Enero de 2021 a los 55 a\u00f1os de edad. Sus hijos Tomas y<\/p>\n","protected":false},"author":3,"featured_media":0,"comment_status":"closed","ping_status":"closed","sticky":false,"template":"","format":"standard","meta":{"_jetpack_memberships_contains_paid_content":false,"footnotes":""},"categories":[10],"tags":[],"class_list":["post-11820","post","type-post","status-publish","format-standard","hentry","category-necrologicas"],"jetpack_featured_media_url":"","jetpack_sharing_enabled":true,"_links":{"self":[{"href":"https:\/\/cdnoticias.com\/index.php\/wp-json\/wp\/v2\/posts\/11820","targetHints":{"allow":["GET"]}}],"collection":[{"href":"https:\/\/cdnoticias.com\/index.php\/wp-json\/wp\/v2\/posts"}],"about":[{"href":"https:\/\/cdnoticias.com\/index.php\/wp-json\/wp\/v2\/types\/post"}],"author":[{"embeddable":true,"href":"https:\/\/cdnoticias.com\/index.php\/wp-json\/wp\/v2\/users\/3"}],"replies":[{"embeddable":true,"href":"https:\/\/cdnoticias.com\/index.php\/wp-json\/wp\/v2\/comments?post=11820"}],"version-history":[{"count":0,"href":"https:\/\/cdnoticias.com\/index.php\/wp-json\/wp\/v2\/posts\/11820\/revisions"}],"wp:attachment":[{"href":"https:\/\/cdnoticias.com\/index.php\/wp-json\/wp\/v2\/media?parent=11820"}],"wp:term":[{"taxonomy":"category","embeddable":true,"href":"https:\/\/cdnoticias.com\/index.php\/wp-json\/wp\/v2\/categories?post=11820"},{"taxonomy":"post_tag","embeddable":true,"href":"https:\/\/cdnoticias.com\/index.php\/wp-json\/wp\/v2\/tags?post=11820"}],"curies":[{"name":"wp","href":"https:\/\/api.w.org\/{rel}","templated":true}]}}