{"id":118198,"date":"2024-06-11T08:22:58","date_gmt":"2024-06-11T11:22:58","guid":{"rendered":"https:\/\/cdnoticias.com\/?p=118198"},"modified":"2024-06-11T08:23:00","modified_gmt":"2024-06-11T11:23:00","slug":"por-los-recortes-de-nacion-provincia-suspende-los-viajes-de-egresados-gratis","status":"publish","type":"post","link":"https:\/\/cdnoticias.com\/index.php\/2024\/06\/11\/por-los-recortes-de-nacion-provincia-suspende-los-viajes-de-egresados-gratis\/","title":{"rendered":"Por los recortes de Naci\u00f3n, Provincia suspende los viajes de egresados gratis"},"content":{"rendered":"<p>El ajuste tambi\u00e9n implicar\u00e1 la suspensi\u00f3n de otros programas como el Conectar Igualdad Bonaerense. El ministro Carlos Bianco record\u00f3 que Naci\u00f3n mantiene deudas directas por $ 1.27 billones con la Provincia.<!--more--><\/p>\n<hr \/>\n<p>El <strong>Gobierno bonaerense<\/strong> anunci\u00f3 que <strong>este a\u00f1o no se realizar\u00e1n los viajes de fin de curso gratis para estudiantes secundarios<\/strong>, en el marco del <strong>fuerte recorte de fondos<\/strong> que sufre la Provincia por parte de la gesti\u00f3n de Javier Milei.<\/p>\n<p><strong>\u201cEste a\u00f1o no lo vamos a poder llevar adelante\u201d<\/strong>, se\u00f1al\u00f3 este lunes el <strong>ministro de Gobierno provincial, Carlos Bianco<\/strong>, al ser consultado sobre los viajes de fin de curso en el marco de la habitual conferencia de prensa de los lunes llevada adelante en la Gobernaci\u00f3n bonaerense.<\/p>\n<blockquote><p>El funcionario de Axel Kicillof record\u00f3 que Naci\u00f3n mantiene deudas directas por $ 1.27 billones con la Provincia. \u201cCuando te recortan una cantidad semejante, hay que acomodar la estructura de costos, de gastos corrientes, de inversiones\u201d, indic\u00f3.<\/p><\/blockquote>\n<figure id=\"attachment_108543\" aria-describedby=\"caption-attachment-108543\" style=\"width: 800px\" class=\"wp-caption aligncenter\"><img data-recalc-dims=\"1\" loading=\"lazy\" decoding=\"async\" class=\"wp-image-108543 size-full\" src=\"https:\/\/i0.wp.com\/cdnoticias.com\/wp-content\/uploads\/2024\/02\/Carlos-Bianco.jpg?resize=800%2C445&#038;ssl=1\" alt=\"\" width=\"800\" height=\"445\" srcset=\"https:\/\/i0.wp.com\/cdnoticias.com\/wp-content\/uploads\/2024\/02\/Carlos-Bianco.jpg?w=800&amp;ssl=1 800w, https:\/\/i0.wp.com\/cdnoticias.com\/wp-content\/uploads\/2024\/02\/Carlos-Bianco.jpg?resize=300%2C167&amp;ssl=1 300w, https:\/\/i0.wp.com\/cdnoticias.com\/wp-content\/uploads\/2024\/02\/Carlos-Bianco.jpg?resize=768%2C427&amp;ssl=1 768w\" sizes=\"auto, (max-width: 800px) 100vw, 800px\" \/><figcaption id=\"caption-attachment-108543\" class=\"wp-caption-text\">Ministro de Gobierno, Carlos Bianco.<\/figcaption><\/figure>\n<p>Bianco record\u00f3 que <strong>los viajes de fin de curso se realizaban hace tres a\u00f1os<\/strong> y que se ven\u00edan incrementando en cantidad. \u201cEstablecimos ese programa no solamente para homogenizar la posibilidad de que todos los pibes y las pibas puedan <em>conocer los destinos tur\u00edsticos de la provincia de Buenos Aires<\/em>, adem\u00e1s era <em>una pol\u00edtica de fomento productivo\u201d.<\/em><\/p>\n<p>El <strong>programa Viaje de Fin de Curso<\/strong> <a href=\"https:\/\/cdnoticias.com\/index.php\/2021\/11\/01\/provincia-abrio-la-preinscripcion-para-los-viajes-de-egresados-gratis-donde-hay-que-anotarse\/\" target=\"_blank\" rel=\"noopener\">comenz\u00f3 en la pandemia, en 2021<\/a>. El mismo les daba la posibilidad a los estudiantes de secundarias bonaerenses de realizar viajes de manera gratuita a distintos destinos tur\u00edsticos de la provincia. <strong>Las visitas se realizaban en temporada baja, por lo que eran tambi\u00e9n un impulso para el sector tur\u00edstico<\/strong>.<\/p>\n<p>El funcionario provincial advirti\u00f3 que<strong> la discontinuidad tambi\u00e9n se dar\u00e1 en otros programas, como el Conectar Igualdad Bonaerense<\/strong> por el que el a\u00f1o pasado se entregaron 168 mil computadoras. <strong>\u201cEl a\u00f1o pasado entregamos 168 mil computadoras. Este a\u00f1o no tenemos ingresos porque no los recort\u00f3 el Gobierno nacional\u201d<\/strong>, indic\u00f3. Y detall\u00f3 que <em>hay \u201cun remanente para entregar\u201d a escuelas rurales y de Educaci\u00f3n Especial<\/em>.<\/p>\n<p>Fuente: Agencia DIB<\/p>\n<blockquote class=\"wp-embedded-content\" data-secret=\"STXVbIQkZM\"><p><a href=\"https:\/\/cdnoticias.com\/index.php\/2023\/10\/13\/programa-viajes-de-fin-de-curso-alcanza-al-85-de-los-estudiantes-bonaerenses\/\">Programa Viajes de Fin de Curso: alcanza al 85% de los estudiantes bonaerenses<\/a><\/p><\/blockquote>\n<p><iframe loading=\"lazy\" class=\"wp-embedded-content\" sandbox=\"allow-scripts\" security=\"restricted\" style=\"position: absolute; clip: rect(1px, 1px, 1px, 1px);\" title=\"&#8220;Programa Viajes de Fin de Curso: alcanza al 85% de los estudiantes bonaerenses&#8221; &#8212; Central de Noticias | Olavarr\u00eda\" src=\"https:\/\/cdnoticias.com\/index.php\/2023\/10\/13\/programa-viajes-de-fin-de-curso-alcanza-al-85-de-los-estudiantes-bonaerenses\/embed\/#?secret=NLlGoaHqs4#?secret=STXVbIQkZM\" data-secret=\"STXVbIQkZM\" width=\"600\" height=\"338\" frameborder=\"0\" marginwidth=\"0\" marginheight=\"0\" scrolling=\"no\"><\/iframe><\/p>\n","protected":false},"excerpt":{"rendered":"<p>El ajuste tambi\u00e9n implicar\u00e1 la suspensi\u00f3n de otros programas como el Conectar Igualdad Bonaerense. El ministro Carlos Bianco record\u00f3 que<\/p>\n","protected":false},"author":4,"featured_media":99011,"comment_status":"closed","ping_status":"closed","sticky":false,"template":"","format":"standard","meta":{"_jetpack_memberships_contains_paid_content":false,"footnotes":""},"categories":[6,1],"tags":[],"class_list":["post-118198","post","type-post","status-publish","format-standard","has-post-thumbnail","hentry","category-nacionales","category-portada"],"jetpack_featured_media_url":"https:\/\/i0.wp.com\/cdnoticias.com\/wp-content\/uploads\/2023\/10\/DIB-kicillof-viaje-de-egresados.jpg?fit=696%2C464&ssl=1","jetpack_sharing_enabled":true,"_links":{"self":[{"href":"https:\/\/cdnoticias.com\/index.php\/wp-json\/wp\/v2\/posts\/118198","targetHints":{"allow":["GET"]}}],"collection":[{"href":"https:\/\/cdnoticias.com\/index.php\/wp-json\/wp\/v2\/posts"}],"about":[{"href":"https:\/\/cdnoticias.com\/index.php\/wp-json\/wp\/v2\/types\/post"}],"author":[{"embeddable":true,"href":"https:\/\/cdnoticias.com\/index.php\/wp-json\/wp\/v2\/users\/4"}],"replies":[{"embeddable":true,"href":"https:\/\/cdnoticias.com\/index.php\/wp-json\/wp\/v2\/comments?post=118198"}],"version-history":[{"count":0,"href":"https:\/\/cdnoticias.com\/index.php\/wp-json\/wp\/v2\/posts\/118198\/revisions"}],"wp:featuredmedia":[{"embeddable":true,"href":"https:\/\/cdnoticias.com\/index.php\/wp-json\/wp\/v2\/media\/99011"}],"wp:attachment":[{"href":"https:\/\/cdnoticias.com\/index.php\/wp-json\/wp\/v2\/media?parent=118198"}],"wp:term":[{"taxonomy":"category","embeddable":true,"href":"https:\/\/cdnoticias.com\/index.php\/wp-json\/wp\/v2\/categories?post=118198"},{"taxonomy":"post_tag","embeddable":true,"href":"https:\/\/cdnoticias.com\/index.php\/wp-json\/wp\/v2\/tags?post=118198"}],"curies":[{"name":"wp","href":"https:\/\/api.w.org\/{rel}","templated":true}]}}