{"id":118189,"date":"2024-06-10T18:43:56","date_gmt":"2024-06-10T21:43:56","guid":{"rendered":"https:\/\/cdnoticias.com\/?p=118189"},"modified":"2024-06-10T18:43:58","modified_gmt":"2024-06-10T21:43:58","slug":"veranito-en-junio-se-esperan-temperaturas-cercanas-a-los-20-grados-en-olavarria","status":"publish","type":"post","link":"https:\/\/cdnoticias.com\/index.php\/2024\/06\/10\/veranito-en-junio-se-esperan-temperaturas-cercanas-a-los-20-grados-en-olavarria\/","title":{"rendered":"Veranito en junio: se esperan temperaturas cercanas a los 20 grados en Olavarr\u00eda"},"content":{"rendered":"<p>El viento norte est\u00e1 afianzado en el centro y norte del pa\u00eds: habr\u00e1 marcas t\u00e9rmicas at\u00edpicas para la \u00e9poca. Los datos meteorol\u00f3gicos del domingo en Olavarr\u00eda y el pron\u00f3stico para la semana. \u00bfLlega un frente fr\u00edo?<!--more--><\/p>\n<hr \/>\n<p>El fen\u00f3meno conocido como <strong>\u201cVeranito de San Juan\u201d<\/strong>, que suele darse alrededor del 24 de junio,<strong> parece haberse adelantado este a\u00f1o<\/strong>: tras un <strong>fin de semana con marcas por arriba de los 20 grados en la zona central del pa\u00eds, la provincia de Buenos Aires y Capital Federal<\/strong>, los pr\u00f3ximos d\u00edas las temperaturas alcanzar\u00edan los 30 grados, mientras que en el norte del pa\u00eds se espera calor por arriba de los 35 grados.<\/p>\n<p><strong>El fen\u00f3meno ya se registra en Olavarr\u00eda<\/strong>, con marcas t\u00e9rmicas altas -at\u00edpicas para esta \u00e9poca- y la lluvia.<\/p>\n<p>Seg\u00fan precis\u00f3 el <strong>meteor\u00f3logo Christian Garavaglia<\/strong>, editor de Meteored Argentina,<strong> \u201cel viento norte se encuentra afianzado desde el norte del pa\u00eds hasta el norte patag\u00f3nico<\/strong>, y un <strong>frente c\u00e1lido<\/strong> ha logrado<strong> llegar hasta el sur de la provincia de Buenos Aires<\/strong>, alojando una masa de aire templado y muy h\u00famedo\u201d.<\/p>\n<p>No obstante, <strong>un frente fr\u00edo d\u00e9bil llegar\u00eda por el oeste de la Patagonia, hasta el sur de la provincia de Buenos Aires<\/strong>, generando <strong>inestabilidad<\/strong> y varias <strong>alertas amarillas por lluvias<\/strong>, emitidas por el Servicio Meteorol\u00f3gico Nacional (SMN).<\/p>\n<p>En tanto,<strong> este domingo ya comenzaron a desarrollarse tormentas en forma aislada<\/strong> sobre el sur bonaerense, y se esperan que las condiciones desmejoren a\u00fan durante el lunes.<\/p>\n<h3>En Olavarr\u00eda<\/h3>\n<p>En el plano local, los fen\u00f3menos ya se hacen sentir.<strong> Este domingo se cumpli\u00f3 el pron\u00f3stico con lluvia y alerta por viento<\/strong>, el cual se extendi\u00f3 hasta el mediod\u00eda. La <strong>Estaci\u00f3n Meteorol\u00f3gica local<\/strong> registr\u00f3 que la <strong>lluvia<\/strong> alcanz\u00f3 a <strong>7,3 mm<\/strong>. La m\u00e1xima del domingo fue de 20,9\u00ba a las 15.15 horas.<\/p>\n<p><strong>Este lunes, la m\u00ednima registrada fue de 3,5\u00ba a las 8.10.<\/strong> La <strong>m\u00e1xima<\/strong> pronosticada es de<strong> 17\u00ba<\/strong>. En tanto, para el <strong>martes<\/strong> las temperaturas previstas ser\u00e1n de <strong>8\u00ba la m\u00ednima y de 16\u00ba la m\u00e1xima<\/strong>. Para ambas jornadas se espera el cielo <strong>parcialmente nublado<\/strong>.<\/p>\n<blockquote><p>Ya para el mi\u00e9rcoles se espera cielo nublado, que se mantendr\u00e1 hasta el viernes. Las temperaturas previstas van de 13\u00ba la m\u00ednima y 18\u00ba la m\u00e1xima el mi\u00e9rcoles; 15\u00ba de m\u00ednima y 22\u00ba de m\u00e1xima el jueves con probabilidad de lluvia para la ma\u00f1ana y la tarde; y 13\u00ba de m\u00ednima y 19\u00ba de m\u00e1xima el viernes.<\/p><\/blockquote>\n<p>Seg\u00fan el pron\u00f3stico extendido del SMN, para el <strong>fin de semana pr\u00f3ximo<\/strong>\u00a0el <strong>sol<\/strong> recupera protagonismo pero la temperatura empezar\u00e1 a bajar. Se pronosticaron <strong>m\u00e1ximas de 15\u00ba para el s\u00e1bado y de 14\u00ba para el domingo<\/strong>.<\/p>\n<h3>Por qu\u00e9 se llama \u201cVeranito de San Juan\u201d<\/h3>\n<p>El <strong>\u201cVeranito de San Juan\u201d<\/strong> es un fen\u00f3meno meteorol\u00f3gico que<strong> se produce en Am\u00e9rica del Sur y en Am\u00e9rica Central<\/strong>, por el cual durante algunos d\u00edas se registran <strong>condiciones at\u00edpicas para un mes invernal<\/strong>.<\/p>\n<p>En el caso de Sudam\u00e9rica, <strong>los frentes fr\u00edos subant\u00e1rticos no logran subir hacia el norte<\/strong>, por lo que las temperaturas suelen alcanzar valores altos para la \u00e9poca del a\u00f1o, en especial en la parte que est\u00e1 en el hemisferio sur; en el caso de Am\u00e9rica Central, hay una interrupci\u00f3n de la estaci\u00f3n de las lluvias.<\/p>\n<p>Se le llama de \u201cSan Juan\u201d ya que <strong>suele producirse alrededor del 24 de junio, d\u00eda de la festividad cristiana del nacimiento de San Juan Bautista<\/strong>, que es la fecha hacia la que se produce el solsticio de invierno en el hemisferio sur.<\/p>\n<p>Fuente: <em>con datos de Central de Noticias y de Agencia DIB<\/em><\/p>\n","protected":false},"excerpt":{"rendered":"<p>El viento norte est\u00e1 afianzado en el centro y norte del pa\u00eds: habr\u00e1 marcas t\u00e9rmicas at\u00edpicas para la \u00e9poca. Los<\/p>\n","protected":false},"author":4,"featured_media":118190,"comment_status":"closed","ping_status":"closed","sticky":false,"template":"","format":"standard","meta":{"_jetpack_memberships_contains_paid_content":false,"footnotes":""},"categories":[6,1],"tags":[],"class_list":["post-118189","post","type-post","status-publish","format-standard","has-post-thumbnail","hentry","category-nacionales","category-portada"],"jetpack_featured_media_url":"https:\/\/i0.wp.com\/cdnoticias.com\/wp-content\/uploads\/2024\/06\/pronostico-junio-2024.jpg?fit=1000%2C556&ssl=1","jetpack_sharing_enabled":true,"_links":{"self":[{"href":"https:\/\/cdnoticias.com\/index.php\/wp-json\/wp\/v2\/posts\/118189","targetHints":{"allow":["GET"]}}],"collection":[{"href":"https:\/\/cdnoticias.com\/index.php\/wp-json\/wp\/v2\/posts"}],"about":[{"href":"https:\/\/cdnoticias.com\/index.php\/wp-json\/wp\/v2\/types\/post"}],"author":[{"embeddable":true,"href":"https:\/\/cdnoticias.com\/index.php\/wp-json\/wp\/v2\/users\/4"}],"replies":[{"embeddable":true,"href":"https:\/\/cdnoticias.com\/index.php\/wp-json\/wp\/v2\/comments?post=118189"}],"version-history":[{"count":0,"href":"https:\/\/cdnoticias.com\/index.php\/wp-json\/wp\/v2\/posts\/118189\/revisions"}],"wp:featuredmedia":[{"embeddable":true,"href":"https:\/\/cdnoticias.com\/index.php\/wp-json\/wp\/v2\/media\/118190"}],"wp:attachment":[{"href":"https:\/\/cdnoticias.com\/index.php\/wp-json\/wp\/v2\/media?parent=118189"}],"wp:term":[{"taxonomy":"category","embeddable":true,"href":"https:\/\/cdnoticias.com\/index.php\/wp-json\/wp\/v2\/categories?post=118189"},{"taxonomy":"post_tag","embeddable":true,"href":"https:\/\/cdnoticias.com\/index.php\/wp-json\/wp\/v2\/tags?post=118189"}],"curies":[{"name":"wp","href":"https:\/\/api.w.org\/{rel}","templated":true}]}}