{"id":118165,"date":"2024-06-10T13:01:33","date_gmt":"2024-06-10T16:01:33","guid":{"rendered":"https:\/\/cdnoticias.com\/?p=118165"},"modified":"2024-06-10T13:01:35","modified_gmt":"2024-06-10T16:01:35","slug":"iba-en-contramano-y-agredio-a-los-policias-al-interceptarlo","status":"publish","type":"post","link":"https:\/\/cdnoticias.com\/index.php\/2024\/06\/10\/iba-en-contramano-y-agredio-a-los-policias-al-interceptarlo\/","title":{"rendered":"Iba en contramano y agredi\u00f3 a los polic\u00edas al interceptarlo"},"content":{"rendered":"<p>Ocurri\u00f3 este domingo en inmediaciones de Del Valle y Saavedra. El acusado de 37 a\u00f1os transitaba en moto: qued\u00f3 aprehendido.<!--more--><\/p>\n<hr \/>\n<p>Un conductor que <strong>transitaba en contramano<\/strong> fue <strong>arrestado<\/strong> este domingo despu\u00e9s de <strong>intentar atacar a los polic\u00edas<\/strong> que quisieron interceptarlo.<\/p>\n<p>Los efectivos del<strong> Comando de Patrullas<\/strong> intervinieron en el caso. Fue en la zona de <strong>Del Valle y Saavedra<\/strong> donde<strong> observaron un rodado que se movilizaba en sentido contrario a la circulaci\u00f3n<\/strong>.<\/p>\n<blockquote><p>Al intentar detenerlo, el conductor -de 37 a\u00f1os- del rodado arremeti\u00f3 contra el personal policial en Aguilar y V\u00e9lez Sarfield y adem\u00e1s agredi\u00f3 f\u00edsicamente a los uniformados.<\/p><\/blockquote>\n<p>Inmediatamente qued\u00f3 <strong>aprehendido y fue trasladado a la Comisar\u00eda Segunda<\/strong>. La moto fue secuestra. Se iniciaron actuaciones por <strong>\u201catentado y resistencia a la autoridad\u201d<\/strong> a cargo de la UFI N\u00ba 10.<\/p>\n","protected":false},"excerpt":{"rendered":"<p>Ocurri\u00f3 este domingo en inmediaciones de Del Valle y Saavedra. El acusado de 37 a\u00f1os transitaba en moto: qued\u00f3 aprehendido.<\/p>\n","protected":false},"author":4,"featured_media":118167,"comment_status":"closed","ping_status":"closed","sticky":false,"template":"","format":"standard","meta":{"_jetpack_memberships_contains_paid_content":false,"footnotes":""},"categories":[14,1],"tags":[],"class_list":["post-118165","post","type-post","status-publish","format-standard","has-post-thumbnail","hentry","category-policiales","category-portada"],"jetpack_featured_media_url":"https:\/\/i0.wp.com\/cdnoticias.com\/wp-content\/uploads\/2024\/06\/aguilar-y-velez-sarfield-a.jpg?fit=710%2C283&ssl=1","jetpack_sharing_enabled":true,"_links":{"self":[{"href":"https:\/\/cdnoticias.com\/index.php\/wp-json\/wp\/v2\/posts\/118165","targetHints":{"allow":["GET"]}}],"collection":[{"href":"https:\/\/cdnoticias.com\/index.php\/wp-json\/wp\/v2\/posts"}],"about":[{"href":"https:\/\/cdnoticias.com\/index.php\/wp-json\/wp\/v2\/types\/post"}],"author":[{"embeddable":true,"href":"https:\/\/cdnoticias.com\/index.php\/wp-json\/wp\/v2\/users\/4"}],"replies":[{"embeddable":true,"href":"https:\/\/cdnoticias.com\/index.php\/wp-json\/wp\/v2\/comments?post=118165"}],"version-history":[{"count":0,"href":"https:\/\/cdnoticias.com\/index.php\/wp-json\/wp\/v2\/posts\/118165\/revisions"}],"wp:featuredmedia":[{"embeddable":true,"href":"https:\/\/cdnoticias.com\/index.php\/wp-json\/wp\/v2\/media\/118167"}],"wp:attachment":[{"href":"https:\/\/cdnoticias.com\/index.php\/wp-json\/wp\/v2\/media?parent=118165"}],"wp:term":[{"taxonomy":"category","embeddable":true,"href":"https:\/\/cdnoticias.com\/index.php\/wp-json\/wp\/v2\/categories?post=118165"},{"taxonomy":"post_tag","embeddable":true,"href":"https:\/\/cdnoticias.com\/index.php\/wp-json\/wp\/v2\/tags?post=118165"}],"curies":[{"name":"wp","href":"https:\/\/api.w.org\/{rel}","templated":true}]}}