{"id":118158,"date":"2024-06-10T09:27:37","date_gmt":"2024-06-10T12:27:37","guid":{"rendered":"https:\/\/cdnoticias.com\/?p=118158"},"modified":"2024-06-10T11:22:02","modified_gmt":"2024-06-10T14:22:02","slug":"recuperaron-dos-motos-robadas-poco-antes-hay-tres-aprehendidos","status":"publish","type":"post","link":"https:\/\/cdnoticias.com\/index.php\/2024\/06\/10\/recuperaron-dos-motos-robadas-poco-antes-hay-tres-aprehendidos\/","title":{"rendered":"Recuperaron dos motos robadas poco antes: hay tres aprehendidos"},"content":{"rendered":"<p>Uno de los casos se dio en Cerrito al 2600 y los dos acusados fueron arrestados tras una persecuci\u00f3n. El segundo hecho fue en Pueyrred\u00f3n al 6000 y la moto se recuper\u00f3 a pocas cuadras.<!--more--><\/p>\n<hr \/>\n<p><strong>Efectivos del Comando de Patrullas<\/strong> intervinieron<strong> este domingo<\/strong> en <strong>dos hechos<\/strong> donde lograron <strong>recuperar sendas motos robadas<\/strong> minutos antes en la ciudad de Olavarr\u00eda. <strong>Tres hombres terminaron imputados<\/strong>.<\/p>\n<p>El primer caso de robo se dio en <strong>Cerrito al 2600<\/strong>. De all\u00ed fue <strong>robada una moto marca Yamaha modelo FZ<\/strong> de color negra.<\/p>\n<blockquote><p>En la recorrida, los polic\u00edas vieron el rodado con dos hombres a bordo. Intentaron interceptarlos, pero al no conseguirlo se inici\u00f3 una persecuci\u00f3n que finaliz\u00f3 en Pourtal\u00e9 esquina \u00c1lvaro Barros.<\/p><\/blockquote>\n<p><img data-recalc-dims=\"1\" loading=\"lazy\" decoding=\"async\" class=\"aligncenter wp-image-118163\" src=\"https:\/\/i0.wp.com\/cdnoticias.com\/wp-content\/uploads\/2024\/06\/cerrito-2600-a.jpg?resize=600%2C334&#038;ssl=1\" alt=\"\" width=\"600\" height=\"334\" srcset=\"https:\/\/i0.wp.com\/cdnoticias.com\/wp-content\/uploads\/2024\/06\/cerrito-2600-a.jpg?w=800&amp;ssl=1 800w, https:\/\/i0.wp.com\/cdnoticias.com\/wp-content\/uploads\/2024\/06\/cerrito-2600-a.jpg?resize=300%2C167&amp;ssl=1 300w, https:\/\/i0.wp.com\/cdnoticias.com\/wp-content\/uploads\/2024\/06\/cerrito-2600-a.jpg?resize=768%2C427&amp;ssl=1 768w\" sizes=\"auto, (max-width: 600px) 100vw, 600px\" \/><\/p>\n<p><img data-recalc-dims=\"1\" loading=\"lazy\" decoding=\"async\" class=\"size-full wp-image-118160 aligncenter\" src=\"https:\/\/i0.wp.com\/cdnoticias.com\/wp-content\/uploads\/2024\/06\/cerrito-2600-b.jpg?resize=600%2C334&#038;ssl=1\" alt=\"\" width=\"600\" height=\"334\" srcset=\"https:\/\/i0.wp.com\/cdnoticias.com\/wp-content\/uploads\/2024\/06\/cerrito-2600-b.jpg?w=600&amp;ssl=1 600w, https:\/\/i0.wp.com\/cdnoticias.com\/wp-content\/uploads\/2024\/06\/cerrito-2600-b.jpg?resize=300%2C167&amp;ssl=1 300w\" sizes=\"auto, (max-width: 600px) 100vw, 600px\" \/><\/p>\n<p>Los ocupantes de la moto, dos<strong> j\u00f3venes de 20 y 24 a\u00f1os, quedaron aprehendidos<\/strong> y la moto fue secuestrada.<\/p>\n<p>Se iniciaron actuaciones por <strong>\u201churto\u201d<\/strong> con intervenci\u00f3n de la <strong>UFI 10<\/strong>.<\/p>\n<p>Por otro lado, <strong>en Pueyrred\u00f3n al 6000<\/strong>, tambi\u00e9n este domingo un vecino <strong>denunci\u00f3 el robo de una moto Motomel Bliz 110 CC<\/strong> de color blanca y gris dominio colocado 104 HPL.<\/p>\n<p><img data-recalc-dims=\"1\" loading=\"lazy\" decoding=\"async\" class=\"size-full wp-image-118162 aligncenter\" src=\"https:\/\/i0.wp.com\/cdnoticias.com\/wp-content\/uploads\/2024\/06\/Pueyrredon-y-Mendoza-a.jpg?resize=600%2C192&#038;ssl=1\" alt=\"\" width=\"600\" height=\"192\" srcset=\"https:\/\/i0.wp.com\/cdnoticias.com\/wp-content\/uploads\/2024\/06\/Pueyrredon-y-Mendoza-a.jpg?w=600&amp;ssl=1 600w, https:\/\/i0.wp.com\/cdnoticias.com\/wp-content\/uploads\/2024\/06\/Pueyrredon-y-Mendoza-a.jpg?resize=300%2C96&amp;ssl=1 300w\" sizes=\"auto, (max-width: 600px) 100vw, 600px\" \/><\/p>\n<p>El rodado fue recuperado a pocos metros: <strong>en Pueyrred\u00f3n y Mendoza qued\u00f3 aprehendido un hombre de 38 a\u00f1os<\/strong> quien conduc\u00eda la moto.<\/p>\n<p>Se iniciaron actuaciones por <strong>\u201churto infraganti\u201d<\/strong> con intervenci\u00f3n de la <strong>Comisar\u00eda Segunda<\/strong> y la <strong>UFI N\u00ba 10<\/strong>.<\/p>\n","protected":false},"excerpt":{"rendered":"<p>Uno de los casos se dio en Cerrito al 2600 y los dos acusados fueron arrestados tras una persecuci\u00f3n. El<\/p>\n","protected":false},"author":4,"featured_media":118161,"comment_status":"closed","ping_status":"closed","sticky":false,"template":"","format":"standard","meta":{"_jetpack_memberships_contains_paid_content":false,"footnotes":""},"categories":[14,1],"tags":[],"class_list":["post-118158","post","type-post","status-publish","format-standard","has-post-thumbnail","hentry","category-policiales","category-portada"],"jetpack_featured_media_url":"https:\/\/i0.wp.com\/cdnoticias.com\/wp-content\/uploads\/2024\/06\/cerrito-2600-c.jpg?fit=600%2C334&ssl=1","jetpack_sharing_enabled":true,"_links":{"self":[{"href":"https:\/\/cdnoticias.com\/index.php\/wp-json\/wp\/v2\/posts\/118158","targetHints":{"allow":["GET"]}}],"collection":[{"href":"https:\/\/cdnoticias.com\/index.php\/wp-json\/wp\/v2\/posts"}],"about":[{"href":"https:\/\/cdnoticias.com\/index.php\/wp-json\/wp\/v2\/types\/post"}],"author":[{"embeddable":true,"href":"https:\/\/cdnoticias.com\/index.php\/wp-json\/wp\/v2\/users\/4"}],"replies":[{"embeddable":true,"href":"https:\/\/cdnoticias.com\/index.php\/wp-json\/wp\/v2\/comments?post=118158"}],"version-history":[{"count":0,"href":"https:\/\/cdnoticias.com\/index.php\/wp-json\/wp\/v2\/posts\/118158\/revisions"}],"wp:featuredmedia":[{"embeddable":true,"href":"https:\/\/cdnoticias.com\/index.php\/wp-json\/wp\/v2\/media\/118161"}],"wp:attachment":[{"href":"https:\/\/cdnoticias.com\/index.php\/wp-json\/wp\/v2\/media?parent=118158"}],"wp:term":[{"taxonomy":"category","embeddable":true,"href":"https:\/\/cdnoticias.com\/index.php\/wp-json\/wp\/v2\/categories?post=118158"},{"taxonomy":"post_tag","embeddable":true,"href":"https:\/\/cdnoticias.com\/index.php\/wp-json\/wp\/v2\/tags?post=118158"}],"curies":[{"name":"wp","href":"https:\/\/api.w.org\/{rel}","templated":true}]}}