{"id":118153,"date":"2024-06-10T10:13:09","date_gmt":"2024-06-10T13:13:09","guid":{"rendered":"https:\/\/cdnoticias.com\/?p=118153"},"modified":"2024-06-10T12:00:44","modified_gmt":"2024-06-10T15:00:44","slug":"sierra-chica-asi-fue-el-retiro-de-tita-una-perra-labradora-penitenciaria","status":"publish","type":"post","link":"https:\/\/cdnoticias.com\/index.php\/2024\/06\/10\/sierra-chica-asi-fue-el-retiro-de-tita-una-perra-labradora-penitenciaria\/","title":{"rendered":"Sierra Chica: as\u00ed fue el retiro de Tita, una perra labradora penitenciaria"},"content":{"rendered":"\n<p>Cumpli\u00f3 funciones en la detecci\u00f3n de estupefacientes y fue entregada a un vecino de Olavarr\u00eda. La emotiva ceremonia. <\/p>\n\n\n\n<hr class=\"wp-block-separator has-alpha-channel-opacity\"\/>\n\n\n\n<p>Tita, una perra penitenciaria de la raza Labrador, fue pasada a retiro tras cinco a\u00f1os de servicio y en una emotiva ceremonia<strong> se la agasaj\u00f3 en una de las c\u00e1rceles bonaerenses de Sierra Chica.<\/strong><\/p>\n\n\n\n<p><\/p>\n\n\n\n<p>La perra cumpli\u00f3 funciones en la <strong>detecci\u00f3n de estupefacientes y fue pasada a retiro con todos los honores y entregada a un vecino de Olavarr\u00eda, <\/strong>donde se mudar\u00e1 a su nueva casa.<\/p>\n\n\n\n<p><\/p>\n\n\n\n<p>Agentes del Servicio Penitenciario Bonaerense (SPB) del Departamento Descentralizado de la Direcci\u00f3n de Cinotecnia vivieron con emoci\u00f3n el acto en compa\u00f1\u00eda de autoridades del Complejo Zona Centro Sur.<\/p>\n\n\n\n<p><\/p>\n\n\n\n<p><strong>Tita naci\u00f3 el 2 de abril de 2019<\/strong> y durante su primer a\u00f1o de vida fue sociabilizada con sus pares y con seres humanos para luego adquirir, mediante juegos y destrezas, las habilidades necesarias para llevar adelante la tarea que le fue asignada.<\/p>\n\n\n\n<p><\/p>\n\n\n\n<figure class=\"wp-block-image size-full\"><img data-recalc-dims=\"1\" loading=\"lazy\" decoding=\"async\" width=\"800\" height=\"445\" src=\"https:\/\/i0.wp.com\/cdnoticias.com\/wp-content\/uploads\/2024\/06\/CCZS-Retiro-de-Tita-Junio-2024.jpeg?resize=800%2C445&#038;ssl=1\" alt=\"\" class=\"wp-image-118156\" srcset=\"https:\/\/i0.wp.com\/cdnoticias.com\/wp-content\/uploads\/2024\/06\/CCZS-Retiro-de-Tita-Junio-2024.jpeg?w=800&amp;ssl=1 800w, https:\/\/i0.wp.com\/cdnoticias.com\/wp-content\/uploads\/2024\/06\/CCZS-Retiro-de-Tita-Junio-2024.jpeg?resize=300%2C167&amp;ssl=1 300w, https:\/\/i0.wp.com\/cdnoticias.com\/wp-content\/uploads\/2024\/06\/CCZS-Retiro-de-Tita-Junio-2024.jpeg?resize=768%2C427&amp;ssl=1 768w\" sizes=\"auto, (max-width: 800px) 100vw, 800px\" \/><\/figure>\n\n\n\n<p><\/p>\n\n\n\n<p>La labradora blanca <strong>sirvi\u00f3 por cinco a\u00f1os al Servicio Penitenciario Bonaerense<\/strong> como as\u00ed tambi\u00e9n a otras fuerzas de seguridad que solicitaron su colaboraci\u00f3n para detectar sustancias il\u00edcitas. Asimismo, form\u00f3 parte en diferentes exhibiciones y eventos p\u00fablicos que se realizaron en La Plata, Urdampilleta y Olavarr\u00eda.<\/p>\n\n\n\n<p><\/p>\n\n\n\n<p>Luego de haber dado lo mejor de s\u00ed en la instituci\u00f3n, se busca el<strong> acercamiento de los perros jubilados con personas solidarias y comprometidas<\/strong>, interesadas en adoptarlos y que entiendan a estos canes, de manera tal que encuentren un hogar rodeado de cari\u00f1o donde puedan retirarse tranquilamente.<\/p>\n\n\n\n<p><\/p>\n\n\n\n<p>Por medio de una <strong>resoluci\u00f3n denominada \u201cViejos camaradas\u201d <\/strong>se aprob\u00f3 la jubilaci\u00f3n de estos canes que son<strong> dados de baja de su funci\u00f3n oficial y por medio de la misma permite que sean entregados en adopci\u00f3n.<\/strong><\/p>\n\n\n\n<p><\/p>\n\n\n\n<figure class=\"wp-block-image size-full\"><img data-recalc-dims=\"1\" loading=\"lazy\" decoding=\"async\" width=\"800\" height=\"445\" src=\"https:\/\/i0.wp.com\/cdnoticias.com\/wp-content\/uploads\/2024\/06\/CCZS-Retiro-de-Tita-Junio-2024i.jpeg?resize=800%2C445&#038;ssl=1\" alt=\"\" class=\"wp-image-118155\" srcset=\"https:\/\/i0.wp.com\/cdnoticias.com\/wp-content\/uploads\/2024\/06\/CCZS-Retiro-de-Tita-Junio-2024i.jpeg?w=800&amp;ssl=1 800w, https:\/\/i0.wp.com\/cdnoticias.com\/wp-content\/uploads\/2024\/06\/CCZS-Retiro-de-Tita-Junio-2024i.jpeg?resize=300%2C167&amp;ssl=1 300w, https:\/\/i0.wp.com\/cdnoticias.com\/wp-content\/uploads\/2024\/06\/CCZS-Retiro-de-Tita-Junio-2024i.jpeg?resize=768%2C427&amp;ssl=1 768w\" sizes=\"auto, (max-width: 800px) 100vw, 800px\" \/><figcaption class=\"wp-element-caption\">Tita finaliz\u00f3 su vida de trabajo para ser feliz y alegrar la vida de una nueva familia. Miguel \u00c1ngel es el olavarriense que ofreci\u00f3 su hogar a la perra.<\/figcaption><\/figure>\n\n\n\n<p><\/p>\n\n\n\n<p>Se trata de una <strong>gesti\u00f3n que cont\u00f3 con el aval del Ministerio de Justicia y Derechos Humanos de la provincia de Buenos Aires,<\/strong> a cargo de Juan Mart\u00edn Mena.<\/p>\n\n\n\n<p><\/p>\n\n\n\n<blockquote class=\"wp-block-quote is-layout-flow wp-block-quote-is-layout-flow\">\n<p>\u201cHace tiempo que ten\u00eda la necesidad de tener una mascota, vivo en una quinta solo y necesito compa\u00f1\u00eda, espero que a ella le guste vivir conmigo. Salgo a caminar mucho al parque y ya le prepar\u00e9 su cama en la cocina, la voy a tener de la mejor manera. Estoy muy ansioso, emocionado y mis nietas est\u00e1n desesperadas por conocerla\u201d, coment\u00f3 mientras no despegaba la vista del animal.<\/p>\n<\/blockquote>\n\n\n\n<p><\/p>\n\n\n\n<p>Un momento por dem\u00e1s conmovedor en la ceremonia fue cuando <strong>sus gu\u00edas del \u00e1rea Cinotecnia formaron un cord\u00f3n de honor para que Tita hiciera su \u00faltimo paso como integrante de la fuerza, al final del mismo le sacaron su chaleco identificatorio y la entregaron a Miguel.<\/strong><\/p>\n\n\n\n<p><\/p>\n\n\n\n<p>El<strong> Jefe del Complejo Centro Zona Sur, Gustavo Rodr\u00edguez, <\/strong>presidi\u00f3 la ceremonia acompa\u00f1ado por el<strong> Director de la Unidad 2, Carlos Silva<\/strong>, personal de la sede Acad\u00e9mica Descentralizada del Complejo Penitenciario Centro Zona Sur &#8220;Inspector General Fabi\u00e1n Roberto Recofsky\u201d, de la Direcci\u00f3n de Operaciones Especiales (DOE) y agentes del Grupo Canes de la U2.<\/p>\n\n\n\n<p><\/p>\n\n\n\n<figure class=\"wp-block-image size-full\"><img data-recalc-dims=\"1\" loading=\"lazy\" decoding=\"async\" width=\"800\" height=\"445\" src=\"https:\/\/i0.wp.com\/cdnoticias.com\/wp-content\/uploads\/2024\/06\/CCZS-Retiro-de-Tita-Junio-2024b.jpeg?resize=800%2C445&#038;ssl=1\" alt=\"\" class=\"wp-image-118154\" srcset=\"https:\/\/i0.wp.com\/cdnoticias.com\/wp-content\/uploads\/2024\/06\/CCZS-Retiro-de-Tita-Junio-2024b.jpeg?w=800&amp;ssl=1 800w, https:\/\/i0.wp.com\/cdnoticias.com\/wp-content\/uploads\/2024\/06\/CCZS-Retiro-de-Tita-Junio-2024b.jpeg?resize=300%2C167&amp;ssl=1 300w, https:\/\/i0.wp.com\/cdnoticias.com\/wp-content\/uploads\/2024\/06\/CCZS-Retiro-de-Tita-Junio-2024b.jpeg?resize=768%2C427&amp;ssl=1 768w\" sizes=\"auto, (max-width: 800px) 100vw, 800px\" \/><\/figure>\n\n\n\n<p><\/p>\n\n\n\n<p>El <strong>Departamento Descentralizado de Cinotecnia Sierra Chica<\/strong> est\u00e1 integrado por su jefe, Emiliano Lurbet, el Jefe de Operaciones, Marcelo Salazar, el Jefe de Capacitaci\u00f3n, Alejandro Alonso, la Jefa de Administraci\u00f3n, Anal\u00eda Weimann, quienes dependen de la Direcci\u00f3n de Cinotecnia a cargo de Diego San Sebasti\u00e1n y Resoluci\u00f3n de Incidentes, conducido por Pablo Jotayan.<\/p>\n\n\n\n<p><\/p>\n\n\n\n<p>El equipo de gu\u00edas y los directivos despidieron a Tita como a una<strong> verdadera hero\u00edna de cuatro patas <\/strong>que desempe\u00f1\u00f3 un papel fundamental y contribuy\u00f3 de manera significativa a mantener el orden en cada una de sus intervenciones.<\/p>\n\n\n\n<p><\/p>\n\n\n\n<p><strong>Emiliano Lurbet destac\u00f3 las caracter\u00edsticas de Tita<\/strong> mencionando su eficiencia \u201cen la detecci\u00f3n, acompa\u00f1\u00e1ndonos en noches largas y d\u00edas calurosos, siempre junto a tu equipo transmitiendo tranquilidad y alegr\u00eda, permiti\u00e9ndonos lograr grandes objetivos.<strong> Hoy el Departamento te agradece tu gran labor y desea que tengas una excelente vida de perros<\/strong>\u201d.<\/p>\n","protected":false},"excerpt":{"rendered":"<p>Cumpli\u00f3 funciones en la detecci\u00f3n de estupefacientes y fue entregada a un vecino de Olavarr\u00eda. La emotiva ceremonia. Tita, una<\/p>\n","protected":false},"author":2,"featured_media":118157,"comment_status":"closed","ping_status":"closed","sticky":false,"template":"","format":"standard","meta":{"_jetpack_memberships_contains_paid_content":false,"footnotes":""},"categories":[5,1],"tags":[],"class_list":["post-118153","post","type-post","status-publish","format-standard","has-post-thumbnail","hentry","category-informacion-general","category-portada"],"jetpack_featured_media_url":"https:\/\/i0.wp.com\/cdnoticias.com\/wp-content\/uploads\/2024\/06\/CCZS-Retiro-de-Tita-Junio-2024h.jpeg?fit=800%2C445&ssl=1","jetpack_sharing_enabled":true,"_links":{"self":[{"href":"https:\/\/cdnoticias.com\/index.php\/wp-json\/wp\/v2\/posts\/118153","targetHints":{"allow":["GET"]}}],"collection":[{"href":"https:\/\/cdnoticias.com\/index.php\/wp-json\/wp\/v2\/posts"}],"about":[{"href":"https:\/\/cdnoticias.com\/index.php\/wp-json\/wp\/v2\/types\/post"}],"author":[{"embeddable":true,"href":"https:\/\/cdnoticias.com\/index.php\/wp-json\/wp\/v2\/users\/2"}],"replies":[{"embeddable":true,"href":"https:\/\/cdnoticias.com\/index.php\/wp-json\/wp\/v2\/comments?post=118153"}],"version-history":[{"count":0,"href":"https:\/\/cdnoticias.com\/index.php\/wp-json\/wp\/v2\/posts\/118153\/revisions"}],"wp:featuredmedia":[{"embeddable":true,"href":"https:\/\/cdnoticias.com\/index.php\/wp-json\/wp\/v2\/media\/118157"}],"wp:attachment":[{"href":"https:\/\/cdnoticias.com\/index.php\/wp-json\/wp\/v2\/media?parent=118153"}],"wp:term":[{"taxonomy":"category","embeddable":true,"href":"https:\/\/cdnoticias.com\/index.php\/wp-json\/wp\/v2\/categories?post=118153"},{"taxonomy":"post_tag","embeddable":true,"href":"https:\/\/cdnoticias.com\/index.php\/wp-json\/wp\/v2\/tags?post=118153"}],"curies":[{"name":"wp","href":"https:\/\/api.w.org\/{rel}","templated":true}]}}