{"id":118148,"date":"2024-06-10T08:50:26","date_gmt":"2024-06-10T11:50:26","guid":{"rendered":"https:\/\/cdnoticias.com\/?p=118148"},"modified":"2024-06-10T10:13:33","modified_gmt":"2024-06-10T13:13:33","slug":"parque-del-bicentenario-dos-motos-secuestradas-por-infracciones-de-transito","status":"publish","type":"post","link":"https:\/\/cdnoticias.com\/index.php\/2024\/06\/10\/parque-del-bicentenario-dos-motos-secuestradas-por-infracciones-de-transito\/","title":{"rendered":"Parque del Bicentenario: dos motos secuestradas por infracciones de tr\u00e1nsito"},"content":{"rendered":"<p>La intervenci\u00f3n policial se dio este domingo. Los conductores son dos adolescentes de 15 y 16 a\u00f1os.<!--more--><\/p>\n<hr \/>\n<p>Durante este domingo <strong>los conductores de dos motos fueron infraccionados<\/strong> por cometer <strong>numerosas faltas de tr\u00e1nsito<\/strong> y los <strong>veh\u00edculos quedaron secuestrados<\/strong>.<\/p>\n<p>La intervenci\u00f3n del personal de <strong>Polic\u00eda Local<\/strong> se dio en el Parque del Bicentenario, a la altura de <strong>Brown al 2500<\/strong>, donde interceptaron a los rodados.<\/p>\n<blockquote><p>Son una moto Gilera modelo 150 cc que conduc\u00eda un adolescente de 16 a\u00f1os y una moto Zanella 110 cc al mando de un adolescente de 15 a\u00f1os.<\/p><\/blockquote>\n<p><img data-recalc-dims=\"1\" loading=\"lazy\" decoding=\"async\" class=\"size-full wp-image-118149 aligncenter\" src=\"https:\/\/i0.wp.com\/cdnoticias.com\/wp-content\/uploads\/2024\/06\/brown-2532-c.jpg?resize=600%2C333&#038;ssl=1\" alt=\"\" width=\"600\" height=\"333\" srcset=\"https:\/\/i0.wp.com\/cdnoticias.com\/wp-content\/uploads\/2024\/06\/brown-2532-c.jpg?w=600&amp;ssl=1 600w, https:\/\/i0.wp.com\/cdnoticias.com\/wp-content\/uploads\/2024\/06\/brown-2532-c.jpg?resize=300%2C167&amp;ssl=1 300w\" sizes=\"auto, (max-width: 600px) 100vw, 600px\" \/><\/p>\n<p><img data-recalc-dims=\"1\" loading=\"lazy\" decoding=\"async\" class=\"size-full wp-image-118151 aligncenter\" src=\"https:\/\/i0.wp.com\/cdnoticias.com\/wp-content\/uploads\/2024\/06\/brown-2532-b.jpg?resize=600%2C333&#038;ssl=1\" alt=\"\" width=\"600\" height=\"333\" srcset=\"https:\/\/i0.wp.com\/cdnoticias.com\/wp-content\/uploads\/2024\/06\/brown-2532-b.jpg?w=600&amp;ssl=1 600w, https:\/\/i0.wp.com\/cdnoticias.com\/wp-content\/uploads\/2024\/06\/brown-2532-b.jpg?resize=300%2C167&amp;ssl=1 300w\" sizes=\"auto, (max-width: 600px) 100vw, 600px\" \/><\/p>\n<p>Seg\u00fan se detall\u00f3, se labraron <strong>infracciones a la Ley 24.449<\/strong> por <strong>incumplir la obligatoriedad de VTV<\/strong> (art\u00edculo 34), por <strong>falta de licencia de conducir<\/strong> (art\u00edculo 40 inciso &#8220;A&#8221;), por <strong>falta de c\u00e9dula de identificaci\u00f3n<\/strong> (art\u00edculo 40 inciso &#8220;B&#8221;) y por <strong>falta de comprobante de seguro<\/strong> (art\u00edculo 40 inciso &#8220;C&#8221;).<\/p>\n<p>Tambi\u00e9n se labraron infracciones por <strong>\u201cfaltas graves\u201d<\/strong> por conducir las motos <strong>sin llevar los comprobantes de VTV y seguro<\/strong> (art\u00edculo 77 incisos \u201cY\u201d y \u201cX\u201d).<\/p>\n<p>Los veh\u00edculos secuestrados fueron <strong>trasladados al Corral\u00f3n Municipal<\/strong>. Se dio intervenci\u00f3n al<strong> Juzgado de Faltas<\/strong> a cargo de Luciano Blanco.<\/p>\n","protected":false},"excerpt":{"rendered":"<p>La intervenci\u00f3n policial se dio este domingo. Los conductores son dos adolescentes de 15 y 16 a\u00f1os.<\/p>\n","protected":false},"author":4,"featured_media":118150,"comment_status":"closed","ping_status":"closed","sticky":false,"template":"","format":"standard","meta":{"_jetpack_memberships_contains_paid_content":false,"footnotes":""},"categories":[14,1],"tags":[],"class_list":["post-118148","post","type-post","status-publish","format-standard","has-post-thumbnail","hentry","category-policiales","category-portada"],"jetpack_featured_media_url":"https:\/\/i0.wp.com\/cdnoticias.com\/wp-content\/uploads\/2024\/06\/brown-2532-a.jpg?fit=700%2C390&ssl=1","jetpack_sharing_enabled":true,"_links":{"self":[{"href":"https:\/\/cdnoticias.com\/index.php\/wp-json\/wp\/v2\/posts\/118148","targetHints":{"allow":["GET"]}}],"collection":[{"href":"https:\/\/cdnoticias.com\/index.php\/wp-json\/wp\/v2\/posts"}],"about":[{"href":"https:\/\/cdnoticias.com\/index.php\/wp-json\/wp\/v2\/types\/post"}],"author":[{"embeddable":true,"href":"https:\/\/cdnoticias.com\/index.php\/wp-json\/wp\/v2\/users\/4"}],"replies":[{"embeddable":true,"href":"https:\/\/cdnoticias.com\/index.php\/wp-json\/wp\/v2\/comments?post=118148"}],"version-history":[{"count":0,"href":"https:\/\/cdnoticias.com\/index.php\/wp-json\/wp\/v2\/posts\/118148\/revisions"}],"wp:featuredmedia":[{"embeddable":true,"href":"https:\/\/cdnoticias.com\/index.php\/wp-json\/wp\/v2\/media\/118150"}],"wp:attachment":[{"href":"https:\/\/cdnoticias.com\/index.php\/wp-json\/wp\/v2\/media?parent=118148"}],"wp:term":[{"taxonomy":"category","embeddable":true,"href":"https:\/\/cdnoticias.com\/index.php\/wp-json\/wp\/v2\/categories?post=118148"},{"taxonomy":"post_tag","embeddable":true,"href":"https:\/\/cdnoticias.com\/index.php\/wp-json\/wp\/v2\/tags?post=118148"}],"curies":[{"name":"wp","href":"https:\/\/api.w.org\/{rel}","templated":true}]}}