{"id":118139,"date":"2024-06-09T20:00:04","date_gmt":"2024-06-09T23:00:04","guid":{"rendered":"https:\/\/cdnoticias.com\/?p=118139"},"modified":"2024-06-10T09:27:54","modified_gmt":"2024-06-10T12:27:54","slug":"el-olavarriense-mateo-clemente-tuvo-su-debut-en-la-primera-de-san-lorenzo","status":"publish","type":"post","link":"https:\/\/cdnoticias.com\/index.php\/2024\/06\/09\/el-olavarriense-mateo-clemente-tuvo-su-debut-en-la-primera-de-san-lorenzo\/","title":{"rendered":"El olavarriense Mateo Clemente tuvo su debut en la Primera de San Lorenzo"},"content":{"rendered":"\n<p>La 4\u00b0 fecha de la Liga Profesional qued\u00f3 marcada con el estreno del olavarriense en el arco \u201cAzulgrana\u201d. Adem\u00e1s, jugaron Salle y Janson. Mend\u00eda tambi\u00e9n estuvo presente.<\/p>\n\n\n\n<hr class=\"wp-block-separator aligncenter has-alpha-channel-opacity\"\/>\n\n\n\n<p>El cuarto cap\u00edtulo en la \u00e9lite del <strong>f\u00fatbol nacional<\/strong> tuvo a <strong>cuatro futbolistas locales en actividad,<\/strong> pero ninguno pudo sumar de a tres durante la jornada.<\/p>\n\n\n\n<p><\/p>\n\n\n\n<p>La gran novedad lleg\u00f3 desde el Bajo Flores, con el <strong>debut oficial de Mateo Clemente en San Lorenzo de Almagro.<\/strong><\/p>\n\n\n\n<p><\/p>\n\n\n\n<blockquote class=\"wp-block-quote is-layout-flow wp-block-quote-is-layout-flow\">\n<p>El arquero de 21 a\u00f1os, surgido de Embajadores, fue titular por disposici\u00f3n de Leandro Romagnoli, pero lamentablemente fue derrota del \u201cCicl\u00f3n\u201d 1 a 0 ante Sarmiento de Jun\u00edn.<\/p>\n<\/blockquote>\n\n\n\n<p><\/p>\n\n\n\n<p>La nota completa la encontr\u00e1s en <a href=\"https:\/\/centraldeportes.com.ar\/\" target=\"_blank\" rel=\"noreferrer noopener\">Central de Deportes.<\/a><\/p>\n","protected":false},"excerpt":{"rendered":"<p>La 4\u00b0 fecha de la Liga Profesional qued\u00f3 marcada con el estreno del olavarriense en el arco \u201cAzulgrana\u201d. Adem\u00e1s, jugaron<\/p>\n","protected":false},"author":6,"featured_media":118140,"comment_status":"closed","ping_status":"closed","sticky":false,"template":"","format":"standard","meta":{"_jetpack_memberships_contains_paid_content":false,"footnotes":""},"categories":[5],"tags":[],"class_list":["post-118139","post","type-post","status-publish","format-standard","has-post-thumbnail","hentry","category-informacion-general"],"jetpack_featured_media_url":"https:\/\/i0.wp.com\/cdnoticias.com\/wp-content\/uploads\/2024\/06\/mateo-clemente-sanlorenzo.png?fit=788%2C437&ssl=1","jetpack_sharing_enabled":true,"_links":{"self":[{"href":"https:\/\/cdnoticias.com\/index.php\/wp-json\/wp\/v2\/posts\/118139","targetHints":{"allow":["GET"]}}],"collection":[{"href":"https:\/\/cdnoticias.com\/index.php\/wp-json\/wp\/v2\/posts"}],"about":[{"href":"https:\/\/cdnoticias.com\/index.php\/wp-json\/wp\/v2\/types\/post"}],"author":[{"embeddable":true,"href":"https:\/\/cdnoticias.com\/index.php\/wp-json\/wp\/v2\/users\/6"}],"replies":[{"embeddable":true,"href":"https:\/\/cdnoticias.com\/index.php\/wp-json\/wp\/v2\/comments?post=118139"}],"version-history":[{"count":0,"href":"https:\/\/cdnoticias.com\/index.php\/wp-json\/wp\/v2\/posts\/118139\/revisions"}],"wp:featuredmedia":[{"embeddable":true,"href":"https:\/\/cdnoticias.com\/index.php\/wp-json\/wp\/v2\/media\/118140"}],"wp:attachment":[{"href":"https:\/\/cdnoticias.com\/index.php\/wp-json\/wp\/v2\/media?parent=118139"}],"wp:term":[{"taxonomy":"category","embeddable":true,"href":"https:\/\/cdnoticias.com\/index.php\/wp-json\/wp\/v2\/categories?post=118139"},{"taxonomy":"post_tag","embeddable":true,"href":"https:\/\/cdnoticias.com\/index.php\/wp-json\/wp\/v2\/tags?post=118139"}],"curies":[{"name":"wp","href":"https:\/\/api.w.org\/{rel}","templated":true}]}}