{"id":118133,"date":"2024-06-10T08:14:48","date_gmt":"2024-06-10T11:14:48","guid":{"rendered":"https:\/\/cdnoticias.com\/?p=118133"},"modified":"2024-06-10T08:14:50","modified_gmt":"2024-06-10T11:14:50","slug":"el-gobierno-da-marcha-atras-con-la-quita-del-servicio-de-grua-en-los-seguros","status":"publish","type":"post","link":"https:\/\/cdnoticias.com\/index.php\/2024\/06\/10\/el-gobierno-da-marcha-atras-con-la-quita-del-servicio-de-grua-en-los-seguros\/","title":{"rendered":"El Gobierno da marcha atr\u00e1s con la quita del servicio de gr\u00faa en los seguros"},"content":{"rendered":"\n<p>La medida iba a entrar en vigencia el pr\u00f3ximo 24 de julio y solo cubr\u00eda los costos cuando se produjera un \u201caccidente, incendio y robo y\/o hurto\u201d.<\/p>\n\n\n\n<hr class=\"wp-block-separator aligncenter has-alpha-channel-opacity\"\/>\n\n\n\n<p>El Gobierno nacional <strong>dar\u00e1 marcha atr\u00e1s con la decisi\u00f3n de excluir el servicio de gr\u00faa en los seguros de auto<\/strong>, medida que hab\u00eda tomado a trav\u00e9s de una resoluci\u00f3n publicada en el Bolet\u00edn Oficial y que <strong>iba a empezar a regir a partir del 24 de julio.<\/strong><\/p>\n\n\n\n<p><\/p>\n\n\n\n<p>La decisi\u00f3n de dar marcha atr\u00e1s fue confirmada por fuentes de la Superintendencia de Seguros de la Naci\u00f3n (SNN) al diario Clar\u00edn y saldr\u00e1 publicada en las pr\u00f3ximas horas.<\/p>\n\n\n\n<p><\/p>\n\n\n\n<blockquote class=\"wp-block-quote is-layout-flow wp-block-quote-is-layout-flow\">\n<p>A fines de abril, el Gobierno hab\u00eda publicado la resoluci\u00f3n 217\/2024 para desregular el sector de los seguros. La modificaci\u00f3n implicaba que las firmas no estuvieran obligadas a cubrir los \u201cdesperfectos o problemas mec\u00e1nicos, de bater\u00eda, de arranque, el\u00e9ctricos, pinchaduras, cortaduras y\/o reventones de las c\u00e1maras o cubiertas o falta de combustible\u201d.<\/p>\n<\/blockquote>\n\n\n\n<p><\/p>\n\n\n\n<p>Asimismo, se\u00f1alaba que <strong>s\u00f3lo tendr\u00edan la obligaci\u00f3n de cubrir los costos de gr\u00faa y auxilio mec\u00e1nico cuando se produjera un \u201caccidente, incendio y robo y\/o hurto\u201d.<\/strong><\/p>\n\n\n\n<p><\/p>\n\n\n\n<p>Esa medida gener\u00f3 una respuesta de la <strong>Asociaci\u00f3n de Consumidores y Usuarios de la Argentina<\/strong> (ACUDA) que impuls\u00f3 una acci\u00f3n colectiva con el fin de lograr la nulidad de las \u201cmodificaciones que afectan directamente las condiciones del servicio de remolques, privando a los consumidores de un beneficio que previamente estaba incluido en sus p\u00f3lizas de seguro\u201d.<\/p>\n\n\n\n<p><\/p>\n\n\n\n<p><em>Fuente: DIB<\/em><\/p>\n","protected":false},"excerpt":{"rendered":"<p>La medida iba a entrar en vigencia el pr\u00f3ximo 24 de julio y solo cubr\u00eda los costos cuando se produjera<\/p>\n","protected":false},"author":6,"featured_media":118134,"comment_status":"closed","ping_status":"closed","sticky":false,"template":"","format":"standard","meta":{"_jetpack_memberships_contains_paid_content":false,"footnotes":""},"categories":[6,1],"tags":[],"class_list":["post-118133","post","type-post","status-publish","format-standard","has-post-thumbnail","hentry","category-nacionales","category-portada"],"jetpack_featured_media_url":"https:\/\/i0.wp.com\/cdnoticias.com\/wp-content\/uploads\/2024\/06\/servicio-de-grua.png?fit=894%2C453&ssl=1","jetpack_sharing_enabled":true,"_links":{"self":[{"href":"https:\/\/cdnoticias.com\/index.php\/wp-json\/wp\/v2\/posts\/118133","targetHints":{"allow":["GET"]}}],"collection":[{"href":"https:\/\/cdnoticias.com\/index.php\/wp-json\/wp\/v2\/posts"}],"about":[{"href":"https:\/\/cdnoticias.com\/index.php\/wp-json\/wp\/v2\/types\/post"}],"author":[{"embeddable":true,"href":"https:\/\/cdnoticias.com\/index.php\/wp-json\/wp\/v2\/users\/6"}],"replies":[{"embeddable":true,"href":"https:\/\/cdnoticias.com\/index.php\/wp-json\/wp\/v2\/comments?post=118133"}],"version-history":[{"count":0,"href":"https:\/\/cdnoticias.com\/index.php\/wp-json\/wp\/v2\/posts\/118133\/revisions"}],"wp:featuredmedia":[{"embeddable":true,"href":"https:\/\/cdnoticias.com\/index.php\/wp-json\/wp\/v2\/media\/118134"}],"wp:attachment":[{"href":"https:\/\/cdnoticias.com\/index.php\/wp-json\/wp\/v2\/media?parent=118133"}],"wp:term":[{"taxonomy":"category","embeddable":true,"href":"https:\/\/cdnoticias.com\/index.php\/wp-json\/wp\/v2\/categories?post=118133"},{"taxonomy":"post_tag","embeddable":true,"href":"https:\/\/cdnoticias.com\/index.php\/wp-json\/wp\/v2\/tags?post=118133"}],"curies":[{"name":"wp","href":"https:\/\/api.w.org\/{rel}","templated":true}]}}