{"id":118131,"date":"2024-06-09T19:00:52","date_gmt":"2024-06-09T22:00:52","guid":{"rendered":"https:\/\/cdnoticias.com\/?p=118131"},"modified":"2024-06-09T19:01:24","modified_gmt":"2024-06-09T22:01:24","slug":"tras-los-despidos-el-correo-argentino-afirmo-que-cumplira-con-plena-normalidad-su-rol-en-las-elecciones-2025","status":"publish","type":"post","link":"https:\/\/cdnoticias.com\/index.php\/2024\/06\/09\/tras-los-despidos-el-correo-argentino-afirmo-que-cumplira-con-plena-normalidad-su-rol-en-las-elecciones-2025\/","title":{"rendered":"Tras los despidos, el Correo Argentino afirm\u00f3 que \u201ccumplir\u00e1 con normalidad\u201d su rol en las elecciones 2025"},"content":{"rendered":"\n<p>Luego del cierre de sucursales y las m\u00e1s de 3.000 desvinculaciones, la empresa estatal respondi\u00f3 a un pedido de la Justicia electoral.<\/p>\n\n\n\n<hr class=\"wp-block-separator aligncenter has-alpha-channel-opacity\"\/>\n\n\n\n<p>Luego de los <strong>m\u00e1s de 3.000 despidos y el cierre de varias sucursales en todo el pa\u00eds<\/strong>, el Correo Argentino inform\u00f3 que <strong><em>\u201ccumplir\u00e1 con las tareas que le corresponden a los futuros actos electorales\u201d<\/em><\/strong>, en respuesta al pedido de informes de la C\u00e1mara Nacional Electoral y a las cr\u00edticas de la oposici\u00f3n.<\/p>\n\n\n\n<p><\/p>\n\n\n\n<p>En ese sentido, desde el Correo informaron que llegadas las elecciones 2025, <strong>contratar\u00e1n m\u00e1s empleados destinados a esa tarea.<\/strong> Cabe se\u00f1alar que esa empresa estatal es <strong>la que por ley<\/strong> se encarga de trasladar las urnas, los \u00fatiles, resguardarlas tras el comicio y realizar el escrutinio provisorio.<\/p>\n\n\n\n<p><\/p>\n\n\n\n<p><strong><em>\u201cA m\u00e1s de un a\u00f1o de que se celebren las elecciones de medio t\u00e9rmino, el Correo ya cuenta con un cronograma detallado de acciones a desarrollar con relaci\u00f3n a ese evento\u201d,<\/em><\/strong> se\u00f1alaron mediante un comunicado.<\/p>\n\n\n\n<p><\/p>\n\n\n\n<blockquote class=\"wp-block-quote is-layout-flow wp-block-quote-is-layout-flow\">\n<p>En ese sentido, se\u00f1alaron que el Correo Argentino cuenta actualmente con 13.600 empleados y la celebraci\u00f3n de elecciones involucra aproximadamente a 76.000 personas en todo el pa\u00eds, incluyendo, adem\u00e1s de los trabajadores telepostales, a empresas transportistas, el comando electoral y dem\u00e1s personal de la justicia electoral\u201d.<\/p>\n<\/blockquote>\n\n\n\n<p><\/p>\n\n\n\n<p>Adem\u00e1s, agregaron: \u201cComo se trata de un evento que sucede cada dos a\u00f1os e implica unos pocos d\u00edas de trabajo muy intenso, el Correo contrata hist\u00f3ricamente personal eventual para cumplir con todas las tareas relacionadas a la elecci\u00f3n. En 2025 se conducir\u00e1 de la misma manera\u201d.<\/p>\n\n\n\n<p><\/p>\n\n\n\n<p><em>\u201cLo aclarado en los puntos anteriores con relaci\u00f3n a las elecciones no contradice en nada el proceso de modernizaci\u00f3n y reducci\u00f3n de gastos que Correo Argentino lleva adelante para alcanzar el equilibrio financiero y dejar de requerir la asistencia del Tesoro Nacional\u201d <\/em>cerraron en el comunicado.<\/p>\n\n\n\n<p><\/p>\n\n\n\n<p>Cabe se\u00f1alar que <strong>la justicia electoral mostr\u00f3 preocupaci\u00f3n porque los agentes m\u00e1s experimentados en la actividad electoral adhirieron al retiro voluntario propuesto<\/strong> <strong>por el Gobierno.<\/strong><\/p>\n\n\n\n<p><\/p>\n\n\n\n<blockquote class=\"wp-block-quote is-layout-flow wp-block-quote-is-layout-flow\">\n<p>La alarma creci\u00f3 este mes porque el Gobierno avanza con el achique del Correo Argentino y proyecta m\u00e1s de 7000 despidos. La intenci\u00f3n es reducir la planta a 9500 personas y 500 sucursales.<\/p>\n<\/blockquote>\n\n\n\n<p><\/p>\n\n\n\n<p>Desde abril, el Correo Argentino lanz\u00f3 un plan de retiros voluntarios, y al 31 de mayo ten\u00eda m\u00e1s de 3000 adhesiones.<\/p>\n\n\n\n<p><\/p>\n\n\n\n<p>Por su parte, <strong>el gobernador Axel Kicillof<\/strong> ya advirti\u00f3 sobre las dificultades que trae aparejado en la log\u00edstica de los comicios y lo que implica para muchos pueblos del interior.<\/p>\n\n\n\n<p><\/p>\n\n\n\n<p><strong><em>\u201cEs muy grave el desmantelamiento del Correo que est\u00e1 ejecutando Milei en muchos pueblos de la Provincia. Como cuando los gobiernos que admira cerraron el ferrocarril, contribuye a aislar al interior. Pero tambi\u00e9n preocupa mucho el efecto sobre los actos electorales\u201d<\/em><\/strong>, asegur\u00f3 el gobernador en su cuenta de X.<\/p>\n\n\n\n<p><\/p>\n\n\n\n<p><em>Fuente: DIB<\/em><\/p>\n","protected":false},"excerpt":{"rendered":"<p>Luego del cierre de sucursales y las m\u00e1s de 3.000 desvinculaciones, la empresa estatal respondi\u00f3 a un pedido de la<\/p>\n","protected":false},"author":6,"featured_media":99694,"comment_status":"closed","ping_status":"closed","sticky":false,"template":"","format":"standard","meta":{"_jetpack_memberships_contains_paid_content":false,"footnotes":""},"categories":[6,1],"tags":[],"class_list":["post-118131","post","type-post","status-publish","format-standard","has-post-thumbnail","hentry","category-nacionales","category-portada"],"jetpack_featured_media_url":"https:\/\/i0.wp.com\/cdnoticias.com\/wp-content\/uploads\/2023\/10\/correo-argentino-urnas-4.jpeg?fit=1600%2C1200&ssl=1","jetpack_sharing_enabled":true,"_links":{"self":[{"href":"https:\/\/cdnoticias.com\/index.php\/wp-json\/wp\/v2\/posts\/118131","targetHints":{"allow":["GET"]}}],"collection":[{"href":"https:\/\/cdnoticias.com\/index.php\/wp-json\/wp\/v2\/posts"}],"about":[{"href":"https:\/\/cdnoticias.com\/index.php\/wp-json\/wp\/v2\/types\/post"}],"author":[{"embeddable":true,"href":"https:\/\/cdnoticias.com\/index.php\/wp-json\/wp\/v2\/users\/6"}],"replies":[{"embeddable":true,"href":"https:\/\/cdnoticias.com\/index.php\/wp-json\/wp\/v2\/comments?post=118131"}],"version-history":[{"count":0,"href":"https:\/\/cdnoticias.com\/index.php\/wp-json\/wp\/v2\/posts\/118131\/revisions"}],"wp:featuredmedia":[{"embeddable":true,"href":"https:\/\/cdnoticias.com\/index.php\/wp-json\/wp\/v2\/media\/99694"}],"wp:attachment":[{"href":"https:\/\/cdnoticias.com\/index.php\/wp-json\/wp\/v2\/media?parent=118131"}],"wp:term":[{"taxonomy":"category","embeddable":true,"href":"https:\/\/cdnoticias.com\/index.php\/wp-json\/wp\/v2\/categories?post=118131"},{"taxonomy":"post_tag","embeddable":true,"href":"https:\/\/cdnoticias.com\/index.php\/wp-json\/wp\/v2\/tags?post=118131"}],"curies":[{"name":"wp","href":"https:\/\/api.w.org\/{rel}","templated":true}]}}