{"id":11813,"date":"2021-01-19T18:42:21","date_gmt":"2021-01-19T21:42:21","guid":{"rendered":"http:\/\/www.centraldenoticias.com.ar\/?p=11813"},"modified":"2021-01-19T19:37:44","modified_gmt":"2021-01-19T22:37:44","slug":"este-martes-hubo-74-casos-positivos-de-covid-19-en-olavarria","status":"publish","type":"post","link":"https:\/\/cdnoticias.com\/index.php\/2021\/01\/19\/este-martes-hubo-74-casos-positivos-de-covid-19-en-olavarria\/","title":{"rendered":"Este martes hubo 74 casos positivos de Covid-19 en Olavarr\u00eda"},"content":{"rendered":"<p>De esta forma, son 293 las personas que transitan la enfermedad en nuestra ciudad. Adem\u00e1s, 2 pacientes est\u00e1n internados en UTI y 12 en Cl\u00ednica Covid del Hospital Municipal.<!--more--><\/p>\n<hr \/>\n<p>La secretar\u00eda de Salud del Municipio emiti\u00f3 el informe sanitario de este martes 19 de enero.<\/p>\n<p>&nbsp;<\/p>\n<p>De acuerdo al an\u00e1lisis del Laboratorio, <strong>74 muestras resultaron positivas y 133 negativas para Covid-19<\/strong> (8 positivas y 21 negativas responden al <strong>Programa RTA<\/strong> que se realiza esta semana a las 8 horas en el m\u00f3dulo del Hospital Municipal).<\/p>\n<p>&nbsp;<\/p>\n<p><img data-recalc-dims=\"1\" loading=\"lazy\" decoding=\"async\" class=\"alignnone size-large wp-image-11818\" src=\"https:\/\/i0.wp.com\/cdnoticias.com\/wp-content\/uploads\/2021\/01\/partr.jpg?resize=800%2C400&#038;ssl=1\" alt=\"\" width=\"800\" height=\"400\" srcset=\"https:\/\/i0.wp.com\/cdnoticias.com\/wp-content\/uploads\/2021\/01\/partr.jpg?resize=1024%2C512&amp;ssl=1 1024w, https:\/\/i0.wp.com\/cdnoticias.com\/wp-content\/uploads\/2021\/01\/partr.jpg?resize=300%2C150&amp;ssl=1 300w, https:\/\/i0.wp.com\/cdnoticias.com\/wp-content\/uploads\/2021\/01\/partr.jpg?resize=768%2C384&amp;ssl=1 768w, https:\/\/i0.wp.com\/cdnoticias.com\/wp-content\/uploads\/2021\/01\/partr.jpg?w=1178&amp;ssl=1 1178w\" sizes=\"auto, (max-width: 800px) 100vw, 800px\" \/><\/p>\n<p>&nbsp;<\/p>\n<p>De esta manera, <strong>son 293 las personas que transitan la enfermedad en Olavarr\u00eda<\/strong> \u2013en el d\u00eda de la fecha <strong>51 recibieron el alta m\u00e9dica<\/strong>\u2013 cuyo 89% es menor a 60 a\u00f1os.<\/p>\n<p>&nbsp;<\/p>\n<p><img data-recalc-dims=\"1\" loading=\"lazy\" decoding=\"async\" class=\"alignnone size-large wp-image-11817\" src=\"https:\/\/i0.wp.com\/cdnoticias.com\/wp-content\/uploads\/2021\/01\/parte02-1.jpg?resize=800%2C402&#038;ssl=1\" alt=\"\" width=\"800\" height=\"402\" srcset=\"https:\/\/i0.wp.com\/cdnoticias.com\/wp-content\/uploads\/2021\/01\/parte02-1.jpg?resize=1024%2C515&amp;ssl=1 1024w, https:\/\/i0.wp.com\/cdnoticias.com\/wp-content\/uploads\/2021\/01\/parte02-1.jpg?resize=300%2C151&amp;ssl=1 300w, https:\/\/i0.wp.com\/cdnoticias.com\/wp-content\/uploads\/2021\/01\/parte02-1.jpg?resize=768%2C386&amp;ssl=1 768w, https:\/\/i0.wp.com\/cdnoticias.com\/wp-content\/uploads\/2021\/01\/parte02-1.jpg?w=1205&amp;ssl=1 1205w\" sizes=\"auto, (max-width: 800px) 100vw, 800px\" \/><\/p>\n<p>&nbsp;<\/p>\n<p>De los pacientes con Covid19, <strong>2 est\u00e1n internados en la Unidad de Terapia Intensiva y 12 en Cl\u00ednica Covid<\/strong> del Hospital Municipal \u201cDr. H\u00e9ctor Cura\u201d.<\/p>\n","protected":false},"excerpt":{"rendered":"<p>De esta forma, son 293 las personas que transitan la enfermedad en nuestra ciudad. Adem\u00e1s, 2 pacientes est\u00e1n internados en<\/p>\n","protected":false},"author":5,"featured_media":11814,"comment_status":"closed","ping_status":"closed","sticky":false,"template":"","format":"standard","meta":{"_jetpack_memberships_contains_paid_content":false,"footnotes":""},"categories":[5,1],"tags":[],"class_list":["post-11813","post","type-post","status-publish","format-standard","has-post-thumbnail","hentry","category-informacion-general","category-portada"],"jetpack_featured_media_url":"https:\/\/i0.wp.com\/cdnoticias.com\/wp-content\/uploads\/2021\/01\/Salud-Modulo-testeos-Hospital-3-1024x682.jpg?fit=1024%2C682&ssl=1","jetpack_sharing_enabled":true,"_links":{"self":[{"href":"https:\/\/cdnoticias.com\/index.php\/wp-json\/wp\/v2\/posts\/11813","targetHints":{"allow":["GET"]}}],"collection":[{"href":"https:\/\/cdnoticias.com\/index.php\/wp-json\/wp\/v2\/posts"}],"about":[{"href":"https:\/\/cdnoticias.com\/index.php\/wp-json\/wp\/v2\/types\/post"}],"author":[{"embeddable":true,"href":"https:\/\/cdnoticias.com\/index.php\/wp-json\/wp\/v2\/users\/5"}],"replies":[{"embeddable":true,"href":"https:\/\/cdnoticias.com\/index.php\/wp-json\/wp\/v2\/comments?post=11813"}],"version-history":[{"count":0,"href":"https:\/\/cdnoticias.com\/index.php\/wp-json\/wp\/v2\/posts\/11813\/revisions"}],"wp:featuredmedia":[{"embeddable":true,"href":"https:\/\/cdnoticias.com\/index.php\/wp-json\/wp\/v2\/media\/11814"}],"wp:attachment":[{"href":"https:\/\/cdnoticias.com\/index.php\/wp-json\/wp\/v2\/media?parent=11813"}],"wp:term":[{"taxonomy":"category","embeddable":true,"href":"https:\/\/cdnoticias.com\/index.php\/wp-json\/wp\/v2\/categories?post=11813"},{"taxonomy":"post_tag","embeddable":true,"href":"https:\/\/cdnoticias.com\/index.php\/wp-json\/wp\/v2\/tags?post=11813"}],"curies":[{"name":"wp","href":"https:\/\/api.w.org\/{rel}","templated":true}]}}