{"id":118129,"date":"2024-06-09T21:00:04","date_gmt":"2024-06-10T00:00:04","guid":{"rendered":"https:\/\/cdnoticias.com\/?p=118129"},"modified":"2024-06-09T21:00:06","modified_gmt":"2024-06-10T00:00:06","slug":"abrio-la-inscripcion-en-la-facultad-de-ciencias-sociales-para-cursar-en-agosto","status":"publish","type":"post","link":"https:\/\/cdnoticias.com\/index.php\/2024\/06\/09\/abrio-la-inscripcion-en-la-facultad-de-ciencias-sociales-para-cursar-en-agosto\/","title":{"rendered":"Abri\u00f3 la inscripci\u00f3n en la Facultad de Ciencias Sociales para cursar en agosto"},"content":{"rendered":"\n<p>El per\u00edodo de preinscripci\u00f3n estar\u00e1 abierto entre el 3 de junio y el 13 de julio y del 29 de julio al 3 de agosto; a trav\u00e9s de un tr\u00e1mite que se inicia de manera virtual.<\/p>\n\n\n\n<hr class=\"wp-block-separator aligncenter has-alpha-channel-opacity\"\/>\n\n\n\n<p>Abri\u00f3 la <strong>inscripci\u00f3n en la Facultad de Ciencias Sociales <\/strong>de la Universidad Nacional del Centro de la Provincia de Buenos Aires para <strong>cursar las carreras de grado a partir del 12 de agosto.<\/strong><\/p>\n\n\n\n<p><\/p>\n\n\n\n<blockquote class=\"wp-block-quote is-layout-flow wp-block-quote-is-layout-flow\">\n<p>El per\u00edodo de preinscripci\u00f3n estar\u00e1 abierto entre el 3 de junio y el 13 de julio y del 29 de julio al 3 de agosto; a trav\u00e9s de un tr\u00e1mite que se inicia de manera virtual.<\/p>\n<\/blockquote>\n\n\n\n<p><\/p>\n\n\n\n<p>La carreras de grado de FACSO son: <strong>Licenciatura en Antropolog\u00eda orientaci\u00f3n Social; Licenciatura en Antropolog\u00eda orientaci\u00f3n Arqueolog\u00eda; Licenciatura en Comunicaci\u00f3n Social; Periodismo; Profesorado de Comunicaci\u00f3n Social y Profesorado de Antropolog\u00eda.<\/strong><\/p>\n\n\n\n<p><\/p>\n\n\n\n<p>Estas carreras son elegidas a\u00f1o a a\u00f1o por j\u00f3venes de Olavarr\u00eda, de otras ciudades de la provincia de Buenos Aires y del resto del pa\u00eds.<\/p>\n\n\n\n<p><\/p>\n\n\n\n<p>Con m\u00e1s de 35 a\u00f1os de historia y emplazada en el Complejo Universitario de Olavarr\u00eda, la FACSO ha formado a graduados y graduadas universitarios\/as quienes se han insertado en distintos organismos y \u00e1reas de la ciudad y la regi\u00f3n.<\/p>\n\n\n\n<p><\/p>\n\n\n\n<p>Desde sus comienzos, Sociales ha tenido una amplia visibilidad e inserci\u00f3n en la comunidad de Olavarr\u00eda y la regi\u00f3n, y en sus carreras siempre ha puesto \u00e9nfasis en la construcci\u00f3n cr\u00edtica del conocimiento y el compromiso social.<\/p>\n\n\n\n<p><\/p>\n\n\n\n<p>Asimismo, se caracteriza por ser una instituci\u00f3n de referencia permanente en el <strong>\u00e1mbito de la ciencia y la investigaci\u00f3n<\/strong>, con articulaci\u00f3n continua con organismos cient\u00edficos nacionales e internacionales.<\/p>\n\n\n\n<p><\/p>\n\n\n\n<p class=\"has-medium-font-size\"><strong>C\u00f3mo inscribirse<\/strong><\/p>\n\n\n\n<p><\/p>\n\n\n\n<p>Los pasos para realizar la<strong> inscripci\u00f3n a las carreras de grado de la FACSO<\/strong> se encuentran disponibles en la p\u00e1gina web de la FACSO, a trav\u00e9s del<a href=\"https:\/\/guarani.unicen.edu.ar\/preinscripcion\/sociales\/\" target=\"_blank\" rel=\"noreferrer noopener\"> link disponible aqu\u00ed.<\/a><\/p>\n\n\n\n<p><\/p>\n\n\n\n<p>Para realizar consultas es posible comunicarse al mail inscripcioncarrerafacso@gmail.com y al celular 02284-247325 (v\u00eda Whatsapp). Para conocer m\u00e1s sobre las carreras escribir al mail <a href=\"mailto:futuros.estudiantes@soc.unicen.edu.ar\">futuros.estudiantes@soc.unicen.edu.ar<\/a>.<\/p>\n","protected":false},"excerpt":{"rendered":"<p>El per\u00edodo de preinscripci\u00f3n estar\u00e1 abierto entre el 3 de junio y el 13 de julio y del 29 de<\/p>\n","protected":false},"author":6,"featured_media":83263,"comment_status":"closed","ping_status":"closed","sticky":false,"template":"","format":"standard","meta":{"_jetpack_memberships_contains_paid_content":false,"footnotes":""},"categories":[5,1],"tags":[],"class_list":["post-118129","post","type-post","status-publish","format-standard","has-post-thumbnail","hentry","category-informacion-general","category-portada"],"jetpack_featured_media_url":"https:\/\/i0.wp.com\/cdnoticias.com\/wp-content\/uploads\/2023\/04\/Facultad-de-Ciencias-Sociales-1.jpg?fit=2000%2C1159&ssl=1","jetpack_sharing_enabled":true,"_links":{"self":[{"href":"https:\/\/cdnoticias.com\/index.php\/wp-json\/wp\/v2\/posts\/118129","targetHints":{"allow":["GET"]}}],"collection":[{"href":"https:\/\/cdnoticias.com\/index.php\/wp-json\/wp\/v2\/posts"}],"about":[{"href":"https:\/\/cdnoticias.com\/index.php\/wp-json\/wp\/v2\/types\/post"}],"author":[{"embeddable":true,"href":"https:\/\/cdnoticias.com\/index.php\/wp-json\/wp\/v2\/users\/6"}],"replies":[{"embeddable":true,"href":"https:\/\/cdnoticias.com\/index.php\/wp-json\/wp\/v2\/comments?post=118129"}],"version-history":[{"count":0,"href":"https:\/\/cdnoticias.com\/index.php\/wp-json\/wp\/v2\/posts\/118129\/revisions"}],"wp:featuredmedia":[{"embeddable":true,"href":"https:\/\/cdnoticias.com\/index.php\/wp-json\/wp\/v2\/media\/83263"}],"wp:attachment":[{"href":"https:\/\/cdnoticias.com\/index.php\/wp-json\/wp\/v2\/media?parent=118129"}],"wp:term":[{"taxonomy":"category","embeddable":true,"href":"https:\/\/cdnoticias.com\/index.php\/wp-json\/wp\/v2\/categories?post=118129"},{"taxonomy":"post_tag","embeddable":true,"href":"https:\/\/cdnoticias.com\/index.php\/wp-json\/wp\/v2\/tags?post=118129"}],"curies":[{"name":"wp","href":"https:\/\/api.w.org\/{rel}","templated":true}]}}