{"id":118123,"date":"2024-06-09T13:13:14","date_gmt":"2024-06-09T16:13:14","guid":{"rendered":"https:\/\/cdnoticias.com\/?p=118123"},"modified":"2024-06-09T20:00:23","modified_gmt":"2024-06-09T23:00:23","slug":"la-presion-social-en-ascenso-las-respuestas-a-prueba","status":"publish","type":"post","link":"https:\/\/cdnoticias.com\/index.php\/2024\/06\/09\/la-presion-social-en-ascenso-las-respuestas-a-prueba\/","title":{"rendered":"La presi\u00f3n social en ascenso, las respuestas a prueba"},"content":{"rendered":"\n<p>Doble visita a un mismo sector de la ciudad, dos formas de ver y resultados distintos. La semana pol\u00edtica en Olavarr\u00eda. <\/p>\n\n\n\n<hr class=\"wp-block-separator has-alpha-channel-opacity\"\/>\n\n\n\n<p><em>(Extracto del newsletter Volver a las Fuentes. Por Josefina Bargas y Alexis Grierson)<\/em><\/p>\n\n\n\n<p><\/p>\n\n\n\n<p>\u00bfVos pod\u00e9s creer que justo coincidieron? Con menos de un d\u00eda de diferencia, <strong>el intendente Wesner con su equipo y los dirigentes de la UCR anduvieron por la zona de Alberdi y Trabajadores.<\/strong> Los resultados son bien distintos.<\/p>\n\n\n\n<p><\/p>\n\n\n\n<p>Viernes a la tarde. Bel\u00e9n Vergel (presidenta de UCR) y Francisco Gonz\u00e1lez (concejal) estuvieron estuvieron en el barrio Trabajadores. En una casa se reunieron con un peque\u00f1o grupo de vecinos que<strong> \u201ctransmitieron su preocupaci\u00f3n debido al estado de abandono\u201d <\/strong>de esa zona. <a href=\"https:\/\/www.instagram.com\/p\/C799Yk9PsUT\/?utm_source=ig_web_copy_link&amp;igsh=MzRlODBiNWFlZA%3D%3D\" data-type=\"link\" data-id=\"https:\/\/www.instagram.com\/p\/C799Yk9PsUT\/?utm_source=ig_web_copy_link&amp;igsh=MzRlODBiNWFlZA%3D%3D\">Lo informaron ac\u00e1. <\/a><\/p>\n\n\n\n<p><\/p>\n\n\n\n<p>Contaron que los vecinos les hablaron del <strong>alumbrado p\u00fablico deficiente, de las calles en mal estado (son de tierra) y de la \u201ccreciente ola de inseguridad\u201d.<\/strong><\/p>\n\n\n\n<p><\/p>\n\n\n\n<p>Los radicales recordaron que hace unos meses hab\u00edan llevado al Concejo un proyecto para pedir mejoras en ese sector. Se trat\u00f3 en abril. \u201cPero desde el Municipio no se brind\u00f3 una soluci\u00f3n y es por eso que se visit\u00f3 nuevamente el lugar\u201d explicaron.<\/p>\n\n\n\n<p><\/p>\n\n\n\n<p>Adem\u00e1s, adelantaron que llevar\u00e1n otro proyecto al Concejo \u201cpara volver a visibilizar el reclamo y que la comunidad de Barrio Trabajadores reciba una respuesta positiva\u201d.<\/p>\n\n\n\n<p><\/p>\n\n\n\n<p>S\u00e1bado a la ma\u00f1ana. D\u00eda del cumplea\u00f1os del intendente. Justamente, <a href=\"https:\/\/www.instagram.com\/p\/C790UKavqb0\/?utm_source=ig_web_copy_link&amp;igsh=MzRlODBiNWFlZA%3D%3D\" data-type=\"link\" data-id=\"https:\/\/www.instagram.com\/p\/C790UKavqb0\/?utm_source=ig_web_copy_link&amp;igsh=MzRlODBiNWFlZA%3D%3D\">en ese tono de festejo <\/a>se present\u00f3 la visita que tuvo como punto de encuentro el cruce de las avenidas.<\/p>\n\n\n\n<p><\/p>\n\n\n\n<p>Horas despu\u00e9s se mostr\u00f3 la<strong> \u201crecorrida\u201d por los barrios 4 de Octubre, Lourdes y Trabajadores. <\/strong>\u201cHablando con vecinos, escuchando demandas y cont\u00e1ndoles en lo que estamos trabajando\u201d. <a href=\"https:\/\/www.instagram.com\/reel\/C7-Be9TvuLa\/?utm_source=ig_web_copy_link&amp;igsh=MzRlODBiNWFlZA%3D%3D\" data-type=\"link\" data-id=\"https:\/\/www.instagram.com\/reel\/C7-Be9TvuLa\/?utm_source=ig_web_copy_link&amp;igsh=MzRlODBiNWFlZA%3D%3D\">Ac\u00e1 lo ves.<\/a><\/p>\n\n\n\n<p><\/p>\n\n\n\n<p>Las im\u00e1genes difundidas muestran que hubo <strong>decenas de funcionarios, concejales y militantes junto a Wesner, que un grupo de Movimiento Evita con apoyo del Consejo Escolar pint\u00f3 el frente de la Escuela 6 y la recorrida de Wesner, solo, por las calles del sector en contacto con los vecinos.<\/strong><\/p>\n\n\n\n<p><\/p>\n\n\n\n<p>No se dieron detalles de las \u201cdemandas\u201d recibidas, por lo tanto desconocemos si lo que recogi\u00f3 la UCR se repiti\u00f3 en lo que recibieron los representantes del Ejecutivo. En los posteos apareci\u00f3 alguna que otra queja, pero en concreto se puede leer que el intendente todav\u00eda goza de la \u201cprimavera\u201d de la asunci\u00f3n: la buena recepci\u00f3n general que cualquier Ejecutivo tiene a poco de haber iniciado en el cargo. No es igual esa \u201cprimavera\u201d en todos los dirigentes -hay componentes personales-, ni en todos los cargos -la cercan\u00eda\/lejan\u00eda tiene mucho que ver-. Y tampoco es comparable alguien que ejerce un primer mandato con un reelecto.<\/p>\n\n\n\n<p><\/p>\n\n\n\n<p>Sumemos que este tipo de actividades ya las hac\u00eda Wesner y Uni\u00f3n por la Patria durante la campa\u00f1a electoral, como hemos comentado en otras ocasiones. De esta manera, <strong>las recorridas son tambi\u00e9n una \u201ccontinuidad\u201d en la imagen del dirigente. <\/strong>Cierto es tambi\u00e9n que<strong> los vecinos tienen distintas expectativas de una misma actividad realizada por un candidato y realizada por un funcionario electo. <\/strong>En el video difundido buscan dar cuenta de esa diferencia: la gesti\u00f3n quiere mostrar que la presencia del jefe comunal en la calle es la promesa cumplida.<\/p>\n\n\n\n<p><\/p>\n\n\n\n<p><strong>Dos sectores partidarios, con responsabilidades de gesti\u00f3n distintas, se acercaron a una misma zona de la ciudad y mostraron dos visiones diferentes. <\/strong>Y no es un sector cualquiera: es una zona en la que cuando la econom\u00eda aprieta, como ahora, se siente y mucho.<\/p>\n\n\n\n<p><\/p>\n\n\n\n<p><strong>Y la econom\u00eda aprieta<\/strong><\/p>\n\n\n\n<p><\/p>\n\n\n\n<p>Cada vez m\u00e1s. A la acuciante situaci\u00f3n econ\u00f3mica se suma el <strong>nulo apoyo del Estado nacional y el apoyo local y provincial que no alcanza.<\/strong> Los barrios est\u00e1n cada vez m\u00e1s complicados, mientras en paralelo se conocen denuncias -y se efectivizan- galpones repletos de comida que se vence en manos del Ministerio de Capital Humano de la Naci\u00f3n.<\/p>\n\n\n\n<p><\/p>\n\n\n\n<p>Pero vamos a desglosar:<strong> al menos tres referentes barriales admitieron que la situaci\u00f3n es cada vez m\u00e1s aguda.<\/strong> Insisten en que no es hambre, pero empieza a acercarse, bastante. \u201cHacemos todo por acompa\u00f1ar, pero sabemos que no alcanza\u201d indic\u00f3 uno de ellos a este newsletter.<\/p>\n\n\n\n<p><\/p>\n\n\n\n<p>Tambi\u00e9n hay paralelismos con fotos viralizadas en Capital Federal: la gente acudiendo a iglesias para comer. Aqu\u00ed muchas de ellas articulan con agrupaciones pol\u00edticas, sociales o grupos de j\u00f3venes que acompa\u00f1an con actividades y el intento de brindar al menos una de las comidas.<\/p>\n\n\n\n<p><\/p>\n\n\n\n<p><strong>La Iglesia (las iglesias) comienza a tomar protagonismo en los barrios<\/strong>, m\u00e1s all\u00e1 de una cuesti\u00f3n de culto: son entidades con un entramado muy fuerte en los territorios por tener sede, representantes y ser un articulador concreto para la llegada social ante una demanda creciente.<\/p>\n\n\n\n<p><\/p>\n\n\n\n<p><strong>\u201cLa situaci\u00f3n est\u00e1 estallada\u201d relat\u00f3 un dirigente que tiene articulaci\u00f3n con una parroquia en un barrio local.<\/strong> Ante la consulta, por ahora todos quieren mantener un estricto off de sus dichos. \u201cNo queremos ser ni oportunistas ni quedar como que queremos sacar una tajada pol\u00edtica: los que est\u00e1n en los barrios saben quienes somos\u201d aclararon. Muchos de los comedores y merenderos ten\u00edan acompa\u00f1amiento de Naci\u00f3n. Hoy, nada.<\/p>\n\n\n\n<p><\/p>\n\n\n\n<p>\u201cSe da una doble situaci\u00f3n:<strong> por un lado, aument\u00f3 la demanda much\u00edsimo<\/strong>, quiz\u00e1s al doble en algunos lugares. <strong>Y por otro, dejaron de enviar alimentos<\/strong>. A veces hacemos malabares para darle comida al doble de personas con la mitad. Y a\u00fan persiste mucha verg\u00fcenza o pudor de aquellos que perdieron el trabajo de venir a pedir, por lo que a veces se hace dif\u00edcil de cuantificar porque el pedido de viandas excede a la cantidad de personas presentes\u201d.<\/p>\n\n\n\n<p><\/p>\n\n\n\n<p>No es casual, tampoco, la <strong>creciente inseguridad en varios puntos de la ciudad<\/strong>: uno de los primeros lugares que fuertemente apareci\u00f3 con delitos varios y sostenidos fue en <strong>barrio Isaura<\/strong>, incluso con varias reuniones con autoridades policiales, funcionarios e integrantes de la comunidad.<\/p>\n\n\n\n<p><\/p>\n\n\n\n<p>Esta semana, de hecho, hubo un e<strong>ncuentro donde participaron integrantes de la oposici\u00f3n encabezados por Hilario Galli, Carlos Coscia y Marcelino Quinteros Videla<\/strong>. \u201cEs un precedente que dos fuerzas pol\u00edticas con ideales opuestos, se hayan hecho presentes, hayan podido debatir, llegar a conclusiones similares y poder aclarar a los vecinos distintos puntos\u201d indicaron como valor. Se encargaron de aclarar que, los reiterados robos que encendieron las alarmas hace unas tres tres semanas, se mantienen como problema.<\/p>\n\n\n\n<p><\/p>\n\n\n\n<p>Sumemos: tambi\u00e9n hubo un <strong>raid delictivo de \u201croba ruedas\u201d <\/strong>en varios puntos de la ciudad, y recordemos lo que expresaron a la UCR desde barrio Trabajadores. Sin contar, claro, los innumerables robos de bicicletas y motos en toda la ciudad, ya sin distinci\u00f3n de sector o barrio. \u201cTodo viene de la mano\u201d admitieron desde las fuerzas de seguridad ante la consulta, con una honda preocupaci\u00f3n por lo que sucede pero sobre todo por lo que vendr\u00e1 si la situaci\u00f3n sigue as\u00ed. Sin embargo\u2026<\/p>\n\n\n\n<p><\/p>\n\n\n\n<p><strong>Nuevo nombre para un bloque pol\u00edtico<\/strong><\/p>\n\n\n\n<p><\/p>\n\n\n\n<p>Saluden a Juntos que se va. <strong>A esta atomizaci\u00f3n de Juntos por el Cambio en todo el territorio nacional y provincial se le sum\u00f3 Olavarr\u00eda, siempre con la particularidad local: <\/strong>mientras presentaban un proyecto para declarar la semana belgraniana, confirmaban que <strong>ahora Juntos se llama\u2026 Pro + Encuentro Republicano Federal (ERF).<\/strong><\/p>\n\n\n\n<p><\/p>\n\n\n\n<p>Paradojas de la pol\u00edtica,<strong> es la primera vez que el Pro se denomina as\u00ed desde que Ezequiel Galli lleg\u00f3 al poder en 2015.<\/strong> Siempre fue dentro de Cambiemos, Juntos por el Cambio o Juntos solo.<\/p>\n\n\n\n<p><\/p>\n\n\n\n<p>Adem\u00e1s, s<strong>umar a ERF ratifica que al menos en el marco legislativo (que no es poco) mantienen a Mario Cura como aliado pol\u00edtico<\/strong>, mientras que<strong> la UCR goza de un poco m\u00e1s de independencia m\u00e1s all\u00e1 de que los dos concejales del bloque boina blanca (Sebasti\u00e1n Matrella y Pancho Gonz\u00e1lez) fueron electos en listas encabezadas por el Pro en acuerdo o integraci\u00f3n por internas.<\/strong><\/p>\n\n\n\n<p><\/p>\n\n\n\n<p>Es interesante seguir de cerca el rearmado opositor no s\u00f3lo por el correlato de lo que sucede a nivel nacional y provincial (a nivel nacional todo mal, a nivel provincial todo muy bien) sino que adem\u00e1s es un sector que, lejos de unirse, parece cada vez m\u00e1s atomizado.<\/p>\n\n\n\n<p><\/p>\n\n\n\n<p>Mucho m\u00e1s si tenemos en cuenta al<strong> actor silencioso de La Libertad Avanza<\/strong>, con cuatro concejales en el HCD y la referencia pol\u00edtica de Celeste Arouxet y Guillermo Lascano en Anses y Pami respectivamente.<\/p>\n\n\n\n<p><\/p>\n\n\n\n<p>Las elecciones legislativas suelen ser m\u00e1s repartidas y menos polarizadas, pero en la actual coyuntura no pareciera que haya solo tres opciones \u2026 a vuelo de p\u00e1jaro, la oposici\u00f3n se conglomera en tres o cuatro grandes bloques. \u00bfPodr\u00e1n sintetizar la oferta electoral? \u00bfO se ir\u00e1 a fondo con la propia?<\/p>\n\n\n\n<p><\/p>\n\n\n\n<p>Igual ya sabemos que de ac\u00e1 a 2025 \u2026 puede pasar cualquier cosa. Pero cualquier cosa de verdad: con decir que <strong>no hay Ministerio del Interior <\/strong>para organizar los comicios y <strong>hubo tantos despidos en Correo Argentino que no se garantizar\u00edan el reparto de urnas. <\/strong>Realmente es una moneda al aire.<\/p>\n\n\n\n<p><\/p>\n","protected":false},"excerpt":{"rendered":"<p>Doble visita a un mismo sector de la ciudad, dos formas de ver y resultados distintos. La semana pol\u00edtica en<\/p>\n","protected":false},"author":2,"featured_media":118125,"comment_status":"closed","ping_status":"closed","sticky":false,"template":"","format":"standard","meta":{"_jetpack_memberships_contains_paid_content":false,"footnotes":""},"categories":[4,1],"tags":[],"class_list":["post-118123","post","type-post","status-publish","format-standard","has-post-thumbnail","hentry","category-politica","category-portada"],"jetpack_featured_media_url":"https:\/\/i0.wp.com\/cdnoticias.com\/wp-content\/uploads\/2024\/06\/unnamed.jpg?fit=930%2C619&ssl=1","jetpack_sharing_enabled":true,"_links":{"self":[{"href":"https:\/\/cdnoticias.com\/index.php\/wp-json\/wp\/v2\/posts\/118123","targetHints":{"allow":["GET"]}}],"collection":[{"href":"https:\/\/cdnoticias.com\/index.php\/wp-json\/wp\/v2\/posts"}],"about":[{"href":"https:\/\/cdnoticias.com\/index.php\/wp-json\/wp\/v2\/types\/post"}],"author":[{"embeddable":true,"href":"https:\/\/cdnoticias.com\/index.php\/wp-json\/wp\/v2\/users\/2"}],"replies":[{"embeddable":true,"href":"https:\/\/cdnoticias.com\/index.php\/wp-json\/wp\/v2\/comments?post=118123"}],"version-history":[{"count":0,"href":"https:\/\/cdnoticias.com\/index.php\/wp-json\/wp\/v2\/posts\/118123\/revisions"}],"wp:featuredmedia":[{"embeddable":true,"href":"https:\/\/cdnoticias.com\/index.php\/wp-json\/wp\/v2\/media\/118125"}],"wp:attachment":[{"href":"https:\/\/cdnoticias.com\/index.php\/wp-json\/wp\/v2\/media?parent=118123"}],"wp:term":[{"taxonomy":"category","embeddable":true,"href":"https:\/\/cdnoticias.com\/index.php\/wp-json\/wp\/v2\/categories?post=118123"},{"taxonomy":"post_tag","embeddable":true,"href":"https:\/\/cdnoticias.com\/index.php\/wp-json\/wp\/v2\/tags?post=118123"}],"curies":[{"name":"wp","href":"https:\/\/api.w.org\/{rel}","templated":true}]}}