{"id":118120,"date":"2024-06-09T17:01:11","date_gmt":"2024-06-09T20:01:11","guid":{"rendered":"https:\/\/cdnoticias.com\/?p=118120"},"modified":"2024-06-09T17:01:13","modified_gmt":"2024-06-09T20:01:13","slug":"azul-denunciaron-que-el-excandidato-a-intendente-de-milei-cobra-una-pension-no-contributiva","status":"publish","type":"post","link":"https:\/\/cdnoticias.com\/index.php\/2024\/06\/09\/azul-denunciaron-que-el-excandidato-a-intendente-de-milei-cobra-una-pension-no-contributiva\/","title":{"rendered":"Azul: denunciaron que el excandidato a intendente de Milei cobra una pensi\u00f3n no contributiva"},"content":{"rendered":"\n<p>Se trata del reconocido odont\u00f3logo Luis Kletnicki. El referente local libertario cobra desde 2017 una pensi\u00f3n PUAM, otorgada por la ANSeS. Adem\u00e1s, se\u00f1alaron que su hija hered\u00f3 un importante cargo en el Estado.<\/p>\n\n\n\n<hr class=\"wp-block-separator has-alpha-channel-opacity\"\/>\n\n\n\n<p>En los \u00faltimos d\u00edas se conoci\u00f3 la noticia en la ciudad de Azul que<strong> el excandidato a intendente de La Libertad Avanza, el reconocido odont\u00f3logo Luis Kletnicki,<\/strong> cobra desde el a\u00f1o 2017 una <strong>pensi\u00f3n no contributiva <\/strong>que solicit\u00f3 como beneficiario y que <strong>tiene como poblaci\u00f3n objetivo a adultos mayores de 65 a\u00f1os de edad que presentan ingresos m\u00ednimos y que viven en un contexto de \u201cvulnerabilidad social\u201d.<\/strong><\/p>\n\n\n\n<p><\/p>\n\n\n\n<p>El esc\u00e1ndalo se hizo p\u00fablico a partir de <strong>una investigaci\u00f3n del periodista azule\u00f1o Claudio Bevacqua <\/strong>en su programa de<strong> Radio Ciudad FM 101.3 <\/strong>donde comparti\u00f3 la informaci\u00f3n que constata que el dirigente libertario Luis Kletnicki es beneficiario de la<strong> pensi\u00f3n denominada \u201cPUAM\u201d<\/strong>, que es no contributiva y que fue tramitada en una oficina de la ANSeS en la Ciudad Aut\u00f3noma de Buenos Aires <strong>en el a\u00f1o 2017<\/strong>. Vale remarcar que, tras un pedido del titular, la misma tiene como sucursal de pago la sede del Banco Industrial de Azul.<\/p>\n\n\n\n<p><\/p>\n\n\n\n<blockquote class=\"wp-block-quote is-layout-flow wp-block-quote-is-layout-flow\">\n<p>Cabe remarcar que Kletnicki es un reconocido y exitoso odont\u00f3logo, adem\u00e1s de ser <strong>referente del presidente Javier Milei en Azul,<\/strong> y que durante la \u00faltima elecci\u00f3n <strong>fue candidato a intendente por La Libertad Avanza <\/strong>con un <strong>encendido discurso en contra de los beneficiarios de programas sociales, cr\u00edticas a la casta pol\u00edtica y al gasto del Estado.<\/strong><\/p>\n<\/blockquote>\n\n\n\n<p><\/p>\n\n\n\n<p>Seg\u00fan expres\u00f3 el mencionado periodista, es de p\u00fablico conocimiento en Azul que <strong>la situaci\u00f3n econ\u00f3mica del dirigente libertario Kletnicki no es la de una persona en estado de \u201cvulnerabilidad social\u201d, ni con ingresos menores al del salario m\u00ednimo vital y m\u00f3vil<\/strong> que justifiquen la tramitaci\u00f3n de una pensi\u00f3n no contributiva.<\/p>\n\n\n\n<p><\/p>\n\n\n\n<p>Vale remarcar que por su condici\u00f3n de odont\u00f3logo, <strong>Kletnicki figura en AFIP como empleador, tributa impuesto a las ganancias por sus ingresos como profesional y se encuentra registrado en el r\u00e9gimen de IVA inscripto <\/strong>debido a que su actividad supera la categor\u00eda mayor de monotributista.<\/p>\n\n\n\n<p><\/p>\n\n\n\n<p>Ante esta situaci\u00f3n, <strong>desde Radio Ciudad intentaron comunicarse con el referente libertario para que confirme o desmienta la informaci\u00f3n pero no fueron atendidos.<\/strong> Al mismo tiempo, se inform\u00f3 que<strong> familiares directos de Kletnicki tambi\u00e9n ser\u00edan beneficiarios de programas sociales.<\/strong><\/p>\n\n\n\n<p><\/p>\n\n\n\n<p>Asimismo cabe mencionar que<strong> a partir de la asunci\u00f3n del presidente Javier Milei se design\u00f3 como coordinadora regional de Pol\u00edticas Sociales del PAMI a Graciana Klentnicki, tambi\u00e9n odont\u00f3loga de profesi\u00f3n e hija del excandidato a intendente de La Libertad Avanza. <\/strong>Graciana no s\u00f3lo hered\u00f3 de su padre un importante cargo en el Estado nacional sino que tambi\u00e9n comparten consultorio odontol\u00f3gico, donde llevan adelante su trabajo particular como profesional de la salud bucal.<\/p>\n\n\n\n<p><\/p>\n\n\n\n<p>Ante esta situaci\u00f3n que involucra a un referente libertario, como lo es Luis Kletnicki, y el cobro de una pensi\u00f3n no contributiva \u2013un verdadero ox\u00edmoron para la tesis anticasta y fundamentalmente anti-Estado de los dirigentes del espacio gobernante\u2013,<strong> desde distintos sectores solicitaron que el involucrado aclare esta situaci\u00f3n y exponga los motivos por el cual cobra una pensi\u00f3n de ANSeS desde hace 7 a\u00f1os<\/strong>, generando un costo al Estado en un momento de crisis econ\u00f3mica donde la ayuda social deber\u00eda enfocarse en los sectores m\u00e1s vulnerables.<\/p>\n\n\n\n<p><\/p>\n\n\n\n<p><em>Fuente: ANDIGITAL.<\/em><\/p>\n","protected":false},"excerpt":{"rendered":"<p>Se trata del reconocido odont\u00f3logo Luis Kletnicki. El referente local libertario cobra desde 2017 una pensi\u00f3n PUAM, otorgada por la<\/p>\n","protected":false},"author":2,"featured_media":118121,"comment_status":"closed","ping_status":"closed","sticky":false,"template":"","format":"standard","meta":{"_jetpack_memberships_contains_paid_content":false,"footnotes":""},"categories":[6,1],"tags":[],"class_list":["post-118120","post","type-post","status-publish","format-standard","has-post-thumbnail","hentry","category-nacionales","category-portada"],"jetpack_featured_media_url":"https:\/\/i0.wp.com\/cdnoticias.com\/wp-content\/uploads\/2024\/06\/20240606182700_berni.jpg?fit=800%2C445&ssl=1","jetpack_sharing_enabled":true,"_links":{"self":[{"href":"https:\/\/cdnoticias.com\/index.php\/wp-json\/wp\/v2\/posts\/118120","targetHints":{"allow":["GET"]}}],"collection":[{"href":"https:\/\/cdnoticias.com\/index.php\/wp-json\/wp\/v2\/posts"}],"about":[{"href":"https:\/\/cdnoticias.com\/index.php\/wp-json\/wp\/v2\/types\/post"}],"author":[{"embeddable":true,"href":"https:\/\/cdnoticias.com\/index.php\/wp-json\/wp\/v2\/users\/2"}],"replies":[{"embeddable":true,"href":"https:\/\/cdnoticias.com\/index.php\/wp-json\/wp\/v2\/comments?post=118120"}],"version-history":[{"count":0,"href":"https:\/\/cdnoticias.com\/index.php\/wp-json\/wp\/v2\/posts\/118120\/revisions"}],"wp:featuredmedia":[{"embeddable":true,"href":"https:\/\/cdnoticias.com\/index.php\/wp-json\/wp\/v2\/media\/118121"}],"wp:attachment":[{"href":"https:\/\/cdnoticias.com\/index.php\/wp-json\/wp\/v2\/media?parent=118120"}],"wp:term":[{"taxonomy":"category","embeddable":true,"href":"https:\/\/cdnoticias.com\/index.php\/wp-json\/wp\/v2\/categories?post=118120"},{"taxonomy":"post_tag","embeddable":true,"href":"https:\/\/cdnoticias.com\/index.php\/wp-json\/wp\/v2\/tags?post=118120"}],"curies":[{"name":"wp","href":"https:\/\/api.w.org\/{rel}","templated":true}]}}