{"id":118106,"date":"2024-06-08T20:25:18","date_gmt":"2024-06-08T23:25:18","guid":{"rendered":"https:\/\/cdnoticias.com\/?p=118106"},"modified":"2024-06-09T09:39:11","modified_gmt":"2024-06-09T12:39:11","slug":"estamos-en-presencia-de-circulacion-de-cuadros-virales-llamativamente-muy-contagiosos","status":"publish","type":"post","link":"https:\/\/cdnoticias.com\/index.php\/2024\/06\/08\/estamos-en-presencia-de-circulacion-de-cuadros-virales-llamativamente-muy-contagiosos\/","title":{"rendered":"\u201cEstamos en presencia de circulaci\u00f3n de cuadros virales llamativamente muy contagiosos\u201d"},"content":{"rendered":"\n<p>El doctor Gast\u00f3n Seambelar se refiri\u00f3 a la situaci\u00f3n de la guardia pedi\u00e1trica y consultorios pedi\u00e1tricos que \u201chace dos semanas est\u00e1n abarrotados\u201d. Dio una serie de pautas para saber cu\u00e1ndo dirigirse a la guardia.<\/p>\n\n\n\n<hr class=\"wp-block-separator aligncenter has-alpha-channel-opacity\"\/>\n\n\n\n<p>Luego de <strong>observarse una guardia pedi\u00e1trica con una gran demanda, consultorios de pediatras con much\u00edsimos padres y sus hijos, el doctor Gast\u00f3n Seambelar explic\u00f3 lo que sucede desde hace dos semanas y admiti\u00f3 que el sector est\u00e1 \u201cabarrotado\u201d por \u201ccuadros virales muy contagiosos\u201d.<\/strong><\/p>\n\n\n\n<p>Lo hizo en di\u00e1logo con<strong> Radio Olavarr\u00eda<\/strong>, donde indic\u00f3 que desde hace dos semanas <em><strong>\u201clas guardias y consultorios privados est\u00e1n abarrotados. Es incre\u00edble\u201d. <\/strong><\/em>Dijo que<em><strong> \u201cestamos en presencia de circulaci\u00f3n de cuadros virales llamativamente muy contagiosos. R\u00e1pidamente ha habido una escalada en la suba que hace que digamos la mayor\u00eda de los chiquitos est\u00e9n enfermos\u201d.<\/strong><\/em><\/p>\n\n\n\n<p>Esto se ve <em>\u201cen la familia, las escuelas, en el porcentaje de ausentismo y tambi\u00e9n adultos, porque lo que encontramos en las consultas es que comienzan los cuadros, la mayor\u00eda son de tipo gripales muy contagiosos y al tiempo ya est\u00e1n contagiados los padres\u201d.<\/em><\/p>\n\n\n\n<p>Indic\u00f3 que lo particular de estos virus es qu<strong><em>e \u201ca los primeros d\u00edas de estos cuadros levantan fiebre muy alta. Entonces esto genera ansiedad y miedo a los padres\u201d y \u201cr\u00e1pidamente concurren a la consulta\u201d.<\/em><\/strong><\/p>\n\n\n\n<p>Ante las grandes demoras en la atenci\u00f3n<strong> (Central de Noticias pudo saber que en la guardia hubo entre 3 y 4 horas de demora sumado a que los consultorios por consulta espont\u00e1nea llegan a las 2) Seambelar dio una serie de pautas para <em>\u201cun mejor manejo de guardia\u201d.<\/em><\/strong><\/p>\n\n\n\n<figure class=\"wp-block-image size-large\"><img data-recalc-dims=\"1\" loading=\"lazy\" decoding=\"async\" width=\"800\" height=\"445\" src=\"https:\/\/i0.wp.com\/cdnoticias.com\/wp-content\/uploads\/2023\/01\/seambelar-gaston.jpg?resize=800%2C445&#038;ssl=1\" alt=\"\" class=\"wp-image-75758\" srcset=\"https:\/\/i0.wp.com\/cdnoticias.com\/wp-content\/uploads\/2023\/01\/seambelar-gaston.jpg?resize=1024%2C570&amp;ssl=1 1024w, https:\/\/i0.wp.com\/cdnoticias.com\/wp-content\/uploads\/2023\/01\/seambelar-gaston.jpg?resize=300%2C167&amp;ssl=1 300w, https:\/\/i0.wp.com\/cdnoticias.com\/wp-content\/uploads\/2023\/01\/seambelar-gaston.jpg?resize=768%2C428&amp;ssl=1 768w, https:\/\/i0.wp.com\/cdnoticias.com\/wp-content\/uploads\/2023\/01\/seambelar-gaston.jpg?resize=1536%2C855&amp;ssl=1 1536w, https:\/\/i0.wp.com\/cdnoticias.com\/wp-content\/uploads\/2023\/01\/seambelar-gaston.jpg?resize=800%2C445&amp;ssl=1 800w, https:\/\/i0.wp.com\/cdnoticias.com\/wp-content\/uploads\/2023\/01\/seambelar-gaston.jpg?w=2048&amp;ssl=1 2048w, https:\/\/i0.wp.com\/cdnoticias.com\/wp-content\/uploads\/2023\/01\/seambelar-gaston.jpg?w=1600&amp;ssl=1 1600w\" sizes=\"auto, (max-width: 800px) 100vw, 800px\" \/><\/figure>\n\n\n\n<p>En l\u00edneas generales dijo que<strong> se deben tener \u201cdos s\u00edntomas de alarma\u201d que ameritan la ida a la guardia de forma r\u00e1pida: <em>\u201cla presencia de v\u00f3mitos, porque a veces estos cuadros cursan con inflamaci\u00f3n gastrointestinal, que puede producir diarrea que en s\u00ed misma no es peligrosa, salvo que haya sangre. Pero s\u00ed la presencia de v\u00f3mitos y la persistencia de los v\u00f3mitos tambi\u00e9n porque avanzan cuadros de deshidrataci\u00f3n. Que es uno de los motivos de internaci\u00f3n. Por eso estamos hablando, digamos, de v\u00f3mitos que no son aislados, de v\u00f3mitos en cuatro, cinco, seis horas, aparecen seis o siete episodios de v\u00f3mitos separados en el tiempo. Esto amerita una consulta, porque ese chiquito puede estar deshidratado. Y lo otro que amerita una consulta es ver s\u00edntomas de agitaci\u00f3n\u201d.<\/em><\/strong><\/p>\n\n\n\n<p>Se\u00f1al\u00f3 que <strong>la gran mayor\u00eda de los ni\u00f1os y ni\u00f1as enfermas<\/strong><em> \u201cno son lactantes y no son mayores de dos a\u00f1os de vida. Con lo cual tenemos mucha consulta en guardia que se traduce en internaci\u00f3n de pacientes menores de dos a\u00f1os por suerte hasta ahora bien\u201d. <\/em><strong>En chicos m\u00e1s grandes<em> \u201chay cierto margen para ir tomando algunas pautas antes de llevarlo a la guardia.\u201d<\/em><\/strong><\/p>\n\n\n\n<blockquote class=\"wp-block-quote is-layout-flow wp-block-quote-is-layout-flow\">\n<p>Con respecto a los s\u00edntomas de agitaci\u00f3n, \u201csi usa m\u00fasculos del t\u00f3rax, si se le hunde el pechito, si vemos signos de dificultad respiratoria, si los vemos agitados, con signos de dificultad respiratoria, con esfuerzo para respirar, esa consulta debe hacerse en el momento\u201d.<\/p>\n<\/blockquote>\n\n\n\n<p>Si la ni\u00f1a o el ni\u00f1o enfermo no presentan ninguno de estos s\u00edntomas de alarma,<em> \u201clo que nosotros aconsejamos por ah\u00ed es esperar 48 horas porque es lo que tarda en aparecer la sintomatolog\u00eda. Recordemos que la fiebre no est\u00e1 dada por la agresi\u00f3n del virus o la bacteria. La fiebre est\u00e1 dada por elementos de nuestro organismo que lo utilizamos para defendernos de diferentes g\u00e9rmenes y que en las 48 horas van a dar diferentes tipos de enfermedad\u201d.<\/em><\/p>\n\n\n\n<p>E insisti\u00f3: <em>\u201csimpre aparece la fiebre antes de la instalaci\u00f3n de la enfermedad, con lo cual, muchas veces encontramos que hay consultas de 10 horas, de 12 horas, de 24 horas sin v\u00f3mito, sin dificultad respiratoria y no llegamos a un diagn\u00f3stico.<strong> Si no hay estos s\u00edntomas de alarma, lo ideal es hidratarlo, darle l\u00edquido, probablemente no quieran comer. Si quieren comer comida blanca, arroz, fideos, polenta, sopa e ir baj\u00e1ndole la temperatura con antit\u00e9rmicos cada seis horas\u201d.<\/strong><\/em><\/p>\n\n\n\n<p>\u00a0Tras aclarar que <strong>un cuadro febril es arriba de 38 grados, Seambelar pidi\u00f3 tener en cuenta <\/strong><em>\u201cporque muchas veces lo que aparece en poblaci\u00f3n pedi\u00e1trica, sobre todo entre los seis meses y los cinco a\u00f1os, el miedo a la convulsi\u00f3n. Hay que saber algo: la convulsi\u00f3n febril es un evento relacionado con fiebre en las veinticuatro horas. No est\u00e1 mediada por la magnitud de la temperatura ni por la severidad de la infecci\u00f3n.<strong> Levantan temperatura y como hay una inmadurez neurol\u00f3gica desencadenan convulsiones. No quiere decir que si tengo un beb\u00e9 con 38,5\u00b0 de temperatura convulsione. No quiere decir eso\u201d<\/strong>.<\/em><\/p>\n\n\n\n<blockquote class=\"wp-block-quote is-layout-flow wp-block-quote-is-layout-flow\">\n<p>Y volvi\u00f3 a insistir en esperar 48 horas si no aparece ning\u00fan \u201cs\u00edntoma de alarma\u201d: \u201cesta fiebre est\u00e1 originada por el sistema inmunol\u00f3gico que se est\u00e1 defendiendo. Independientemente de sea el virus o la bacteria, independientemente de cual vaya a ser a las 48 horas la enfermedad que se instale\u201d.<\/p>\n<\/blockquote>\n\n\n\n<p><em><strong>\u201cSi a las 48, 72 horas esa fiebre persiste. Bueno, ah\u00ed s\u00ed. Ya hay que verlo porque claramente ah\u00ed podemos este tener una enfermedad instalada. Salvo los v\u00f3mitos, salvo la agitaci\u00f3n, salvo el dolor abdominal intenso\u201d.<\/strong><\/em><\/p>\n\n\n\n<p>Finalmente, <strong>pidi\u00f3<em> \u201cresponsabilidad social\u201d <\/em>y evitar enviar a los ni\u00f1os a la escuela si aparecen cuadros febriles<\/strong>:<em> \u201cse est\u00e1 en pleno pico de contagios, un paciente que est\u00e1 febril, aunque a\u00fan no tenga determinado cu\u00e1l va a ser su enfermedad est\u00e1 aportando el virus o la bacteria. Vimos en la pandemia que se cerraron las escuelas durante mucho tiempo, no es necesario llegar a esa circunstancia, pero hay que apelar a la responsabilidad social\u201d.<\/em><\/p>\n\n\n\n<p><em><strong>\u201cSi mi hijo est\u00e1 enfermo en el medio de un cuadro donde est\u00e1 circulando virus altamente contagioso perderse dos o tres d\u00edas de clase no le va a suceder nada y evitar que la que el pico no sea tan importante, que las guardias no se vean desbordados, los consultorios no se vean desbordados y el virus va a circular igual, pero como decimos siempre, se va a poder atender a todos de la mejor manera posible<\/strong>\u201d <\/em>cerr\u00f3 el m\u00e9dico pediatra.<\/p>\n","protected":false},"excerpt":{"rendered":"<p>El doctor Gast\u00f3n Seambelar se refiri\u00f3 a la situaci\u00f3n de la guardia pedi\u00e1trica y consultorios pedi\u00e1tricos que \u201chace dos semanas<\/p>\n","protected":false},"author":2,"featured_media":37240,"comment_status":"closed","ping_status":"closed","sticky":false,"template":"","format":"standard","meta":{"_jetpack_memberships_contains_paid_content":false,"footnotes":""},"categories":[5,1],"tags":[],"class_list":["post-118106","post","type-post","status-publish","format-standard","has-post-thumbnail","hentry","category-informacion-general","category-portada"],"jetpack_featured_media_url":"https:\/\/i0.wp.com\/cdnoticias.com\/wp-content\/uploads\/2021\/11\/hospital-pediatria-municipal2.jpg?fit=1599%2C890&ssl=1","jetpack_sharing_enabled":true,"_links":{"self":[{"href":"https:\/\/cdnoticias.com\/index.php\/wp-json\/wp\/v2\/posts\/118106","targetHints":{"allow":["GET"]}}],"collection":[{"href":"https:\/\/cdnoticias.com\/index.php\/wp-json\/wp\/v2\/posts"}],"about":[{"href":"https:\/\/cdnoticias.com\/index.php\/wp-json\/wp\/v2\/types\/post"}],"author":[{"embeddable":true,"href":"https:\/\/cdnoticias.com\/index.php\/wp-json\/wp\/v2\/users\/2"}],"replies":[{"embeddable":true,"href":"https:\/\/cdnoticias.com\/index.php\/wp-json\/wp\/v2\/comments?post=118106"}],"version-history":[{"count":0,"href":"https:\/\/cdnoticias.com\/index.php\/wp-json\/wp\/v2\/posts\/118106\/revisions"}],"wp:featuredmedia":[{"embeddable":true,"href":"https:\/\/cdnoticias.com\/index.php\/wp-json\/wp\/v2\/media\/37240"}],"wp:attachment":[{"href":"https:\/\/cdnoticias.com\/index.php\/wp-json\/wp\/v2\/media?parent=118106"}],"wp:term":[{"taxonomy":"category","embeddable":true,"href":"https:\/\/cdnoticias.com\/index.php\/wp-json\/wp\/v2\/categories?post=118106"},{"taxonomy":"post_tag","embeddable":true,"href":"https:\/\/cdnoticias.com\/index.php\/wp-json\/wp\/v2\/tags?post=118106"}],"curies":[{"name":"wp","href":"https:\/\/api.w.org\/{rel}","templated":true}]}}