{"id":11806,"date":"2021-01-19T20:38:39","date_gmt":"2021-01-19T23:38:39","guid":{"rendered":"http:\/\/www.centraldenoticias.com.ar\/?p=11806"},"modified":"2021-01-20T08:50:28","modified_gmt":"2021-01-20T11:50:28","slug":"se-nego-a-declarar-el-joven-acusado-por-el-crimen-en-el-barrio-12-de-octubre","status":"publish","type":"post","link":"https:\/\/cdnoticias.com\/index.php\/2021\/01\/19\/se-nego-a-declarar-el-joven-acusado-por-el-crimen-en-el-barrio-12-de-octubre\/","title":{"rendered":"Se neg\u00f3 a declarar el joven acusado por el crimen en el barrio 12 de Octubre"},"content":{"rendered":"<p>Permanece alojado en la comisar\u00eda Primera, pero ya fue requerido el cupo para ser trasladado a una c\u00e1rcel de la regi\u00f3n.<!--more--><\/p>\n<hr \/>\n<p>En la jornada de este martes fue trasladado a la sede judicial el joven que se encuentra acusado de ser el autor del <a href=\"https:\/\/cdnoticias.com\/index.php\/2021\/01\/17\/un-joven-fue-asesinado-tras-una-pelea-vecinal\/\" target=\"_blank\" rel=\"noopener\">crimen que se registr\u00f3 el \u00faltimo fin de semana en el barrio 12 de Octubre<\/a> donde, seg\u00fan marcan las principales hip\u00f3tesis,<strong> todo se habr\u00eda desencadenado por el volumen de la m\u00fasica.<\/strong><\/p>\n<p>&nbsp;<\/p>\n<p>Esa situaci\u00f3n, entre otras, es materia de estudio del fiscal de feria Christian Url\u00e9zaga, quien por estos d\u00edas se encuentra subrogando la UFI 4 de la doctora Mar\u00eda Paula Serrano. Por estas horas la expectativa giraba en torno a qu\u00e9 postura iba a adoptar el acusado, Juli\u00e1n Castro, quien finalmente <strong>opt\u00f3 por hacer uso de su derecho a negarse a prestar declaraci\u00f3n indagatoria.<\/strong><\/p>\n<p>&nbsp;<\/p>\n<blockquote><p>Familiares y amigos de la v\u00edctima convocaron a <a href=\"https:\/\/cdnoticias.com\/index.php\/2021\/01\/19\/marcha-para-pedir-justicia-por-el-joven-asesinado-en-el-barrio-12-de-octubre\/\" target=\"_blank\" rel=\"noopener\">una marcha en pedido de justicia a realizarse este viernes<\/a><\/p><\/blockquote>\n<p>&nbsp;<\/p>\n<p>Vale destacar que, al igual que<a href=\"https:\/\/cdnoticias.com\/index.php\/2021\/01\/18\/crimen-12-de-octubre-se-entrego-en-la-comisaria-primera-el-joven-acusado\/\" target=\"_blank\" rel=\"noopener\"> el pasado lunes cuando se entreg\u00f3 en la comisar\u00eda Primera<\/a>, en la audiencia estuvo acompa\u00f1ado por un abogado particular local que ya asumi\u00f3 formalmente la representaci\u00f3n legal del joven, quien se encuentra imputado por los delitos de <strong>\u201chomicidio agravado por el empleo de arma de fuego\u201d y \u201cportaci\u00f3n de arma de fuego de uso civil\u201d<\/strong>.<\/p>\n<p>&nbsp;<\/p>\n<p>El lamentable y violento episodio se registr\u00f3 en la <strong>madrugada del domingo, en las inmediaciones del cruce de Mitre y Calle 17, donde se hab\u00eda suscitado una discusi\u00f3n por el volumen de la m\u00fasica<\/strong>. No obstante, la continuidad de las pesquisas arrojaron que<a href=\"https:\/\/cdnoticias.com\/index.php\/2021\/01\/17\/asesinato-del-joven-habia-problemas-previos-a-la-discusion-por-la-musica-alta\/\" target=\"_blank\" rel=\"noopener\"> existir\u00eda una disputa previa<\/a>, ya que se trata de personas que se conoc\u00edan entre s\u00ed, ya que sus domicilios est\u00e1n ubicados con pocos metros de distancia.<\/p>\n<p>&nbsp;<\/p>\n<p><img data-recalc-dims=\"1\" loading=\"lazy\" decoding=\"async\" class=\"alignnone size-full wp-image-11739\" src=\"https:\/\/i0.wp.com\/cdnoticias.com\/wp-content\/uploads\/2021\/01\/Mitrey17-800x445-800x445-1.jpg?resize=800%2C445&#038;ssl=1\" alt=\"\" width=\"800\" height=\"445\" srcset=\"https:\/\/i0.wp.com\/cdnoticias.com\/wp-content\/uploads\/2021\/01\/Mitrey17-800x445-800x445-1.jpg?w=800&amp;ssl=1 800w, https:\/\/i0.wp.com\/cdnoticias.com\/wp-content\/uploads\/2021\/01\/Mitrey17-800x445-800x445-1.jpg?resize=300%2C167&amp;ssl=1 300w, https:\/\/i0.wp.com\/cdnoticias.com\/wp-content\/uploads\/2021\/01\/Mitrey17-800x445-800x445-1.jpg?resize=768%2C427&amp;ssl=1 768w\" sizes=\"auto, (max-width: 800px) 100vw, 800px\" \/><\/p>\n<p>&nbsp;<\/p>\n<p>Lo concreto es que la v\u00edctima, identificada como Mat\u00edas Guillermo Cabral de 21 a\u00f1os, recibi\u00f3 un disparo en la zona del abdomen que lo hiri\u00f3 gravemente, ocasion\u00e1ndole la muerte minutos despu\u00e9s. <strong>El hecho cont\u00f3 con varios testigos, por lo que las averiguaciones avanzaron r\u00e1pidamente sobre la identidad del presunto autor, al punto que el auto en el que se movilizaba ser\u00eda incautado poco despu\u00e9s.<\/strong><\/p>\n<p>&nbsp;<\/p>\n<p>Horas m\u00e1s tarde vecinos intentaron incendiar el domicilio del acusado, quien en la tarde del lunes opt\u00f3 por entregarse tras la realizaci\u00f3n de allanamientos y averiguaciones para concretar su captura. <strong>Actualmente permanece alojado en la comisar\u00eda Primera, pero las fuentes consultadas a\u00f1adieron que ya se giraron las actuaciones correspondientes para concretar su traslado a una sede carcelaria de la regi\u00f3n.<\/strong><\/p>\n","protected":false},"excerpt":{"rendered":"<p>Permanece alojado en la comisar\u00eda Primera, pero ya fue requerido el cupo para ser trasladado a una c\u00e1rcel de la<\/p>\n","protected":false},"author":3,"featured_media":11740,"comment_status":"closed","ping_status":"closed","sticky":false,"template":"","format":"standard","meta":{"_jetpack_memberships_contains_paid_content":false,"footnotes":""},"categories":[14,1],"tags":[],"class_list":["post-11806","post","type-post","status-publish","format-standard","has-post-thumbnail","hentry","category-policiales","category-portada"],"jetpack_featured_media_url":"https:\/\/i0.wp.com\/cdnoticias.com\/wp-content\/uploads\/2021\/01\/WhatsApp-Image-2021-01-18-at-19.38.57-e1611009723249.jpeg?fit=864%2C604&ssl=1","jetpack_sharing_enabled":true,"_links":{"self":[{"href":"https:\/\/cdnoticias.com\/index.php\/wp-json\/wp\/v2\/posts\/11806","targetHints":{"allow":["GET"]}}],"collection":[{"href":"https:\/\/cdnoticias.com\/index.php\/wp-json\/wp\/v2\/posts"}],"about":[{"href":"https:\/\/cdnoticias.com\/index.php\/wp-json\/wp\/v2\/types\/post"}],"author":[{"embeddable":true,"href":"https:\/\/cdnoticias.com\/index.php\/wp-json\/wp\/v2\/users\/3"}],"replies":[{"embeddable":true,"href":"https:\/\/cdnoticias.com\/index.php\/wp-json\/wp\/v2\/comments?post=11806"}],"version-history":[{"count":0,"href":"https:\/\/cdnoticias.com\/index.php\/wp-json\/wp\/v2\/posts\/11806\/revisions"}],"wp:featuredmedia":[{"embeddable":true,"href":"https:\/\/cdnoticias.com\/index.php\/wp-json\/wp\/v2\/media\/11740"}],"wp:attachment":[{"href":"https:\/\/cdnoticias.com\/index.php\/wp-json\/wp\/v2\/media?parent=11806"}],"wp:term":[{"taxonomy":"category","embeddable":true,"href":"https:\/\/cdnoticias.com\/index.php\/wp-json\/wp\/v2\/categories?post=11806"},{"taxonomy":"post_tag","embeddable":true,"href":"https:\/\/cdnoticias.com\/index.php\/wp-json\/wp\/v2\/tags?post=11806"}],"curies":[{"name":"wp","href":"https:\/\/api.w.org\/{rel}","templated":true}]}}