{"id":118058,"date":"2024-06-07T20:51:35","date_gmt":"2024-06-07T23:51:35","guid":{"rendered":"https:\/\/cdnoticias.com\/?p=118058"},"modified":"2024-06-07T20:51:37","modified_gmt":"2024-06-07T23:51:37","slug":"como-estara-el-tiempo-en-olavarria-este-sabado-8-de-junio","status":"publish","type":"post","link":"https:\/\/cdnoticias.com\/index.php\/2024\/06\/07\/como-estara-el-tiempo-en-olavarria-este-sabado-8-de-junio\/","title":{"rendered":"C\u00f3mo estar\u00e1 el tiempo en Olavarr\u00eda este s\u00e1bado 8 de junio"},"content":{"rendered":"\n<p>Olavarr\u00eda experimentar\u00e1 un clima variado, con lluvias aisladas y niebla, as\u00ed como temperaturas m\u00e1s c\u00e1lidas por la tarde. Aqu\u00ed te dejamos la previsi\u00f3n del tiempo para que puedas planificar tu jornada.<\/p>\n\n\n\n<hr class=\"wp-block-separator aligncenter has-alpha-channel-opacity\"\/>\n\n\n\n<p><strong>Durante la madrugada, se esperan lluvias aisladas. La temperatura ser\u00e1 de alrededor de 12\u00b0C<\/strong>, con vientos moderados provenientes del noreste (NE), soplando entre 13 y 22 km\/h.<\/p>\n\n\n\n<p><strong>En la ma\u00f1ana, la niebla se har\u00e1 presente, lo que podr\u00eda reducir la visibilidad en la regi\u00f3n. <\/strong>La temperatura descender\u00e1 ligeramente a 11\u00b0C, y los vientos continuar\u00e1n soplando desde el noreste (NE), manteni\u00e9ndose en el rango de 13 a 22 km\/h.<\/p>\n\n\n\n<p><strong>En la tarde, se prev\u00e9n lluvias aisladas nuevamente. La temperatura alcanzar\u00e1 un m\u00e1ximo de 21\u00b0C, con vientos provenientes del norte (N) que seguir\u00e1n soplando entre 13 y 22 km\/h.<\/strong><\/p>\n\n\n\n<p>Para la noche, el cielo estar\u00e1 mayormente nublado. <strong>La temperatura descender\u00e1 a unos 18\u00b0C, y los vientos cambiar\u00e1n nuevamente al noreste (NE), manteni\u00e9ndose en el rango de 13 a 22 km\/h.<\/strong><\/p>\n\n\n\n<p>Ser\u00e1 un s\u00e1bado con clima variable en Olavarr\u00eda. Aunque se esperan lluvias aisladas en la madrugada y la tarde, no se prev\u00e9n precipitaciones significativas. <strong>Se recomienda tomar precauciones debido a la posible reducci\u00f3n de visibilidad por la niebla en la ma\u00f1ana y llevar un paraguas por si acaso.<\/strong><\/p>\n","protected":false},"excerpt":{"rendered":"<p>Olavarr\u00eda experimentar\u00e1 un clima variado, con lluvias aisladas y niebla, as\u00ed como temperaturas m\u00e1s c\u00e1lidas por la tarde. Aqu\u00ed te<\/p>\n","protected":false},"author":2,"featured_media":111871,"comment_status":"closed","ping_status":"closed","sticky":false,"template":"","format":"standard","meta":{"_jetpack_memberships_contains_paid_content":false,"footnotes":""},"categories":[5],"tags":[],"class_list":["post-118058","post","type-post","status-publish","format-standard","has-post-thumbnail","hentry","category-informacion-general"],"jetpack_featured_media_url":"https:\/\/i0.wp.com\/cdnoticias.com\/wp-content\/uploads\/2024\/03\/lluvias-tormenta.jpg?fit=800%2C445&ssl=1","jetpack_sharing_enabled":true,"_links":{"self":[{"href":"https:\/\/cdnoticias.com\/index.php\/wp-json\/wp\/v2\/posts\/118058","targetHints":{"allow":["GET"]}}],"collection":[{"href":"https:\/\/cdnoticias.com\/index.php\/wp-json\/wp\/v2\/posts"}],"about":[{"href":"https:\/\/cdnoticias.com\/index.php\/wp-json\/wp\/v2\/types\/post"}],"author":[{"embeddable":true,"href":"https:\/\/cdnoticias.com\/index.php\/wp-json\/wp\/v2\/users\/2"}],"replies":[{"embeddable":true,"href":"https:\/\/cdnoticias.com\/index.php\/wp-json\/wp\/v2\/comments?post=118058"}],"version-history":[{"count":0,"href":"https:\/\/cdnoticias.com\/index.php\/wp-json\/wp\/v2\/posts\/118058\/revisions"}],"wp:featuredmedia":[{"embeddable":true,"href":"https:\/\/cdnoticias.com\/index.php\/wp-json\/wp\/v2\/media\/111871"}],"wp:attachment":[{"href":"https:\/\/cdnoticias.com\/index.php\/wp-json\/wp\/v2\/media?parent=118058"}],"wp:term":[{"taxonomy":"category","embeddable":true,"href":"https:\/\/cdnoticias.com\/index.php\/wp-json\/wp\/v2\/categories?post=118058"},{"taxonomy":"post_tag","embeddable":true,"href":"https:\/\/cdnoticias.com\/index.php\/wp-json\/wp\/v2\/tags?post=118058"}],"curies":[{"name":"wp","href":"https:\/\/api.w.org\/{rel}","templated":true}]}}