{"id":118054,"date":"2024-06-07T14:49:07","date_gmt":"2024-06-08T14:30:06","guid":{"rendered":"https:\/\/cdnoticias.com\/?p=118054"},"modified":"2025-02-13T17:46:48","modified_gmt":"2025-02-13T20:46:48","slug":"agustin-vernice-entrena-en-la-pista-olimpica-de-paris","status":"publish","type":"post","link":"https:\/\/cdnoticias.com\/index.php\/2024\/06\/07\/agustin-vernice-entrena-en-la-pista-olimpica-de-paris\/","title":{"rendered":"Agust\u00edn Vernice entrena en la Pista Ol\u00edmpica de Par\u00eds"},"content":{"rendered":"<p>Camino a los Juegos Ol\u00edmpicos, Agust\u00edn Vernice entrena esta semana en la Pista Ol\u00edmpica donde competir\u00e1 del 27 de julio al 10 de agosto, en lo que ser\u00e1 su segunda presentaci\u00f3n Ol\u00edmpica.<!--more--><\/p>\n<hr \/>\n<p>Contin\u00faa la gira por Europa para Agust\u00edn Vernice y luego de sus actuaciones en las Copas del Mundo y varios d\u00edas en Austria, tuvo su experiencia en la base n\u00e1utica donde en el venidero mes de julio tendr\u00e1 su segunda experiencia ol\u00edmpica.<\/p>\n<p>&nbsp;<\/p>\n<p>El palista olavarriense se present\u00f3 junto a Fernando Pimienta en el escenario ubicado a 15 kil\u00f3metros de la capital francesa que fue renovado para la ocasi\u00f3n. Cuenta con cinco hect\u00e1reas y est\u00e1 formada por un estadio de aguas bravas junto a un gran lago natural de dos kil\u00f3metros de largo.<\/p>\n<p>&nbsp;<\/p>\n<p>Al culminar esta semana, partir\u00e1 hacia Portugal junto a Pimenta y luego, la semana previa a los Juegos Ol\u00edmpicos, retomar\u00e1n a Par\u00eds.<\/p>\n","protected":false},"excerpt":{"rendered":"<p>Camino a los Juegos Ol\u00edmpicos, Agust\u00edn Vernice entrena esta semana en la Pista Ol\u00edmpica donde competir\u00e1 del 27 de julio<\/p>\n","protected":false},"author":96739694,"featured_media":161443,"comment_status":"closed","ping_status":"closed","sticky":false,"template":"","format":"standard","meta":{"_jetpack_memberships_contains_paid_content":false,"footnotes":""},"categories":[30,1],"tags":[],"class_list":["post-118054","post","type-post","status-publish","format-standard","has-post-thumbnail","hentry","category-polideportivo","category-portada"],"jetpack_featured_media_url":"https:\/\/i0.wp.com\/cdnoticias.com\/wp-content\/uploads\/2024\/06\/444952146_996714832459208_7580662979641623706_n-e1717782494119.jpg?fit=1440%2C876&ssl=1","jetpack_sharing_enabled":true,"_links":{"self":[{"href":"https:\/\/cdnoticias.com\/index.php\/wp-json\/wp\/v2\/posts\/118054","targetHints":{"allow":["GET"]}}],"collection":[{"href":"https:\/\/cdnoticias.com\/index.php\/wp-json\/wp\/v2\/posts"}],"about":[{"href":"https:\/\/cdnoticias.com\/index.php\/wp-json\/wp\/v2\/types\/post"}],"author":[{"embeddable":true,"href":"https:\/\/cdnoticias.com\/index.php\/wp-json\/wp\/v2\/users\/96739694"}],"replies":[{"embeddable":true,"href":"https:\/\/cdnoticias.com\/index.php\/wp-json\/wp\/v2\/comments?post=118054"}],"version-history":[{"count":0,"href":"https:\/\/cdnoticias.com\/index.php\/wp-json\/wp\/v2\/posts\/118054\/revisions"}],"wp:featuredmedia":[{"embeddable":true,"href":"https:\/\/cdnoticias.com\/index.php\/wp-json\/wp\/v2\/media\/161443"}],"wp:attachment":[{"href":"https:\/\/cdnoticias.com\/index.php\/wp-json\/wp\/v2\/media?parent=118054"}],"wp:term":[{"taxonomy":"category","embeddable":true,"href":"https:\/\/cdnoticias.com\/index.php\/wp-json\/wp\/v2\/categories?post=118054"},{"taxonomy":"post_tag","embeddable":true,"href":"https:\/\/cdnoticias.com\/index.php\/wp-json\/wp\/v2\/tags?post=118054"}],"curies":[{"name":"wp","href":"https:\/\/api.w.org\/{rel}","templated":true}]}}