{"id":118037,"date":"2024-06-07T18:00:04","date_gmt":"2024-06-07T21:00:04","guid":{"rendered":"https:\/\/cdnoticias.com\/?p=118037"},"modified":"2024-06-07T18:00:44","modified_gmt":"2024-06-07T21:00:44","slug":"el-intendente-wesner-participo-en-un-desayuno-por-el-dia-del-periodista","status":"publish","type":"post","link":"https:\/\/cdnoticias.com\/index.php\/2024\/06\/07\/el-intendente-wesner-participo-en-un-desayuno-por-el-dia-del-periodista\/","title":{"rendered":"El intendente Wesner particip\u00f3 en el desayuno por el D\u00eda del Periodista"},"content":{"rendered":"\n<p>El jefe comunal agradeci\u00f3 \u201cel trabajo que realizan de manera diaria, el cual permite trazar un puente cercano para con la comunidad\u201d.<\/p>\n\n\n\n<hr class=\"wp-block-separator aligncenter has-alpha-channel-opacity\"\/>\n\n\n\n<p>Cada<strong> 7 de junio <\/strong>se conmemora en el territorio nacional el <strong>D\u00eda del Periodista<\/strong>, en recuerdo de la <strong>creaci\u00f3n de \u201cLa Gazeta de Buenos Ayres<\/strong>\u201d, el diario creado por <strong>Mariano Moreno<\/strong> un d\u00eda como hoy pero del a\u00f1o 1810.<\/p>\n\n\n\n<p><\/p>\n\n\n\n<p>Por ese motivo, se desarroll\u00f3 en el Sal\u00f3n Blanco del Palacio Municipal <strong>el tradicional agasajo <\/strong>a periodistas y comunicadores locales.<\/p>\n\n\n\n<p><\/p>\n\n\n\n<p>El encuentro fue encabezado por el <strong>intendente Maximiliano Wesner<\/strong>, quien estuvo acompa\u00f1ado por integrantes del Gabinete Municipal y de la Subsecretar\u00eda de Comunicaci\u00f3n.<\/p>\n\n\n\n<p><\/p>\n\n\n\n<blockquote class=\"wp-block-quote is-layout-flow wp-block-quote-is-layout-flow\">\n<p>Estuvieron presentes un importante n\u00famero de periodistas, comunicadores, comunicadoras y referentes de medios period\u00edsticos e institucionales de la ciudad, con quienes compartieron un desayuno.<\/p>\n<\/blockquote>\n\n\n\n<p><\/p>\n\n\n\n<p>En la ocasi\u00f3n el jefe comunal agradeci\u00f3 no solo la respuesta a la convocatoria, sino <strong>\u201cel trabajo que realizan de manera diaria, el cual permite trazar un puente cercano para con la comunidad<\/strong>\u201d y de esa manera informar de las distintas medidas y pol\u00edticas p\u00fablicas que se despliegan desde el Municipio en todo el Partido.<\/p>\n\n\n\n<p><\/p>\n\n\n\n<p>El saludo lo hizo extensivo tambi\u00e9n a aquellos periodistas que no pudieron estar presentes debido, justamente, al ejercicio de la labor durante las horas en la que se llev\u00f3 a cabo el encuentro.<\/p>\n","protected":false},"excerpt":{"rendered":"<p>El jefe comunal agradeci\u00f3 \u201cel trabajo que realizan de manera diaria, el cual permite trazar un puente cercano para con<\/p>\n","protected":false},"author":6,"featured_media":118038,"comment_status":"closed","ping_status":"closed","sticky":false,"template":"","format":"standard","meta":{"_jetpack_memberships_contains_paid_content":false,"footnotes":""},"categories":[5,1],"tags":[],"class_list":["post-118037","post","type-post","status-publish","format-standard","has-post-thumbnail","hentry","category-informacion-general","category-portada"],"jetpack_featured_media_url":"https:\/\/i0.wp.com\/cdnoticias.com\/wp-content\/uploads\/2024\/06\/dia-del-periodista-desayuno-2024.png?fit=980%2C512&ssl=1","jetpack_sharing_enabled":true,"_links":{"self":[{"href":"https:\/\/cdnoticias.com\/index.php\/wp-json\/wp\/v2\/posts\/118037","targetHints":{"allow":["GET"]}}],"collection":[{"href":"https:\/\/cdnoticias.com\/index.php\/wp-json\/wp\/v2\/posts"}],"about":[{"href":"https:\/\/cdnoticias.com\/index.php\/wp-json\/wp\/v2\/types\/post"}],"author":[{"embeddable":true,"href":"https:\/\/cdnoticias.com\/index.php\/wp-json\/wp\/v2\/users\/6"}],"replies":[{"embeddable":true,"href":"https:\/\/cdnoticias.com\/index.php\/wp-json\/wp\/v2\/comments?post=118037"}],"version-history":[{"count":0,"href":"https:\/\/cdnoticias.com\/index.php\/wp-json\/wp\/v2\/posts\/118037\/revisions"}],"wp:featuredmedia":[{"embeddable":true,"href":"https:\/\/cdnoticias.com\/index.php\/wp-json\/wp\/v2\/media\/118038"}],"wp:attachment":[{"href":"https:\/\/cdnoticias.com\/index.php\/wp-json\/wp\/v2\/media?parent=118037"}],"wp:term":[{"taxonomy":"category","embeddable":true,"href":"https:\/\/cdnoticias.com\/index.php\/wp-json\/wp\/v2\/categories?post=118037"},{"taxonomy":"post_tag","embeddable":true,"href":"https:\/\/cdnoticias.com\/index.php\/wp-json\/wp\/v2\/tags?post=118037"}],"curies":[{"name":"wp","href":"https:\/\/api.w.org\/{rel}","templated":true}]}}