{"id":117962,"date":"2024-06-07T19:12:04","date_gmt":"2024-06-07T22:12:04","guid":{"rendered":"https:\/\/cdnoticias.com\/?p=117962"},"modified":"2024-06-07T19:12:07","modified_gmt":"2024-06-07T22:12:07","slug":"ley-micaela-comenzo-el-ciclo-de-capacitaciones-en-genero-para-el-personal-municipal","status":"publish","type":"post","link":"https:\/\/cdnoticias.com\/index.php\/2024\/06\/07\/ley-micaela-comenzo-el-ciclo-de-capacitaciones-en-genero-para-el-personal-municipal\/","title":{"rendered":"Ley Micaela: Comenz\u00f3 el ciclo de capacitaciones en g\u00e9nero para el personal municipal"},"content":{"rendered":"\n<p>En el encuentro se abordaron las tem\u00e1ticas de socializaci\u00f3n de g\u00e9nero, identidad de g\u00e9nero, orientaci\u00f3n sexual, masculinidades, violencias y desigualdades por motivos de g\u00e9nero.<\/p>\n\n\n\n<hr class=\"wp-block-separator aligncenter has-alpha-channel-opacity\"\/>\n\n\n\n<p>D\u00edas atr\u00e1s, comenz\u00f3 el <strong>ciclo de capacitaciones 2024 sobre perspectiva de g\u00e9nero<\/strong> para todo el <strong>personal municipal.<\/strong><\/p>\n\n\n\n<p><\/p>\n\n\n\n<p>La Ley, que regula la capacitaci\u00f3n obligatoria y permanente en materia de g\u00e9nero para personal estatal de la gesti\u00f3n p\u00fablica en todos los niveles del estado y poderes, <strong>se implementa en nuestro Municipio desde el a\u00f1o 2019 <\/strong>en el marco de la Ordenanza Municipal 4406\/19 que as\u00ed lo reglamenta.<\/p>\n\n\n\n<p><\/p>\n\n\n\n<p>Uno de los primeros encuentros se llev\u00f3 a cabo en instalaciones del Palacio San Mart\u00edn y participaron funcionarios del Ejecutivo Municipal.<\/p>\n\n\n\n<p><\/p>\n\n\n\n<blockquote class=\"wp-block-quote is-layout-flow wp-block-quote-is-layout-flow\">\n<p>Fue facilitado por referentes del equipo de Ley Micaela de la mencionada Direcci\u00f3n municipal, quienes abordaron las tem\u00e1ticas de socializaci\u00f3n de g\u00e9nero, identidad de g\u00e9nero, orientaci\u00f3n sexual, masculinidades, violencias y desigualdades por motivos de g\u00e9nero.<\/p>\n<\/blockquote>\n\n\n\n<p><\/p>\n\n\n\n<p>En un segundo momento, el dispositivo de capacitaci\u00f3n se despleg\u00f3 en el HCD, especialmente destinado a concejales y concejalas de diversa representaci\u00f3n pol\u00edtica del organismo.<\/p>\n\n\n\n<p><\/p>\n\n\n\n<p>Con respecto a la \u00faltima jornada, la directora de Mujeres, G\u00e9neros y Diversidad <strong>Patricia P\u00e9rez,<\/strong> manifest\u00f3 que <em>\u201cllevamos adelante un debate en tono ameno, eso indica la conciencia en torno a la necesidad de trabajar en el \u00e1mbito legislativo desde la perspectiva de g\u00e9nero y el enfoque de derechos como una condici\u00f3n sine qua non a los efectos de lograr una sociedad m\u00e1s equitativa\u201d.<\/em><\/p>\n","protected":false},"excerpt":{"rendered":"<p>En el encuentro se abordaron las tem\u00e1ticas de socializaci\u00f3n de g\u00e9nero, identidad de g\u00e9nero, orientaci\u00f3n sexual, masculinidades, violencias y desigualdades<\/p>\n","protected":false},"author":6,"featured_media":117963,"comment_status":"closed","ping_status":"closed","sticky":false,"template":"","format":"standard","meta":{"_jetpack_memberships_contains_paid_content":false,"footnotes":""},"categories":[3,1],"tags":[],"class_list":["post-117962","post","type-post","status-publish","format-standard","has-post-thumbnail","hentry","category-genero","category-portada"],"jetpack_featured_media_url":"https:\/\/i0.wp.com\/cdnoticias.com\/wp-content\/uploads\/2024\/06\/Inicio-Ley-Micaela-3.jpg?fit=1152%2C546&ssl=1","jetpack_sharing_enabled":true,"_links":{"self":[{"href":"https:\/\/cdnoticias.com\/index.php\/wp-json\/wp\/v2\/posts\/117962","targetHints":{"allow":["GET"]}}],"collection":[{"href":"https:\/\/cdnoticias.com\/index.php\/wp-json\/wp\/v2\/posts"}],"about":[{"href":"https:\/\/cdnoticias.com\/index.php\/wp-json\/wp\/v2\/types\/post"}],"author":[{"embeddable":true,"href":"https:\/\/cdnoticias.com\/index.php\/wp-json\/wp\/v2\/users\/6"}],"replies":[{"embeddable":true,"href":"https:\/\/cdnoticias.com\/index.php\/wp-json\/wp\/v2\/comments?post=117962"}],"version-history":[{"count":0,"href":"https:\/\/cdnoticias.com\/index.php\/wp-json\/wp\/v2\/posts\/117962\/revisions"}],"wp:featuredmedia":[{"embeddable":true,"href":"https:\/\/cdnoticias.com\/index.php\/wp-json\/wp\/v2\/media\/117963"}],"wp:attachment":[{"href":"https:\/\/cdnoticias.com\/index.php\/wp-json\/wp\/v2\/media?parent=117962"}],"wp:term":[{"taxonomy":"category","embeddable":true,"href":"https:\/\/cdnoticias.com\/index.php\/wp-json\/wp\/v2\/categories?post=117962"},{"taxonomy":"post_tag","embeddable":true,"href":"https:\/\/cdnoticias.com\/index.php\/wp-json\/wp\/v2\/tags?post=117962"}],"curies":[{"name":"wp","href":"https:\/\/api.w.org\/{rel}","templated":true}]}}