{"id":117958,"date":"2024-06-07T08:01:14","date_gmt":"2024-06-07T11:01:14","guid":{"rendered":"https:\/\/cdnoticias.com\/?p=117958"},"modified":"2024-06-07T10:56:01","modified_gmt":"2024-06-07T13:56:01","slug":"este-viernes-jornada-de-control-de-salud-infantil","status":"publish","type":"post","link":"https:\/\/cdnoticias.com\/index.php\/2024\/06\/07\/este-viernes-jornada-de-control-de-salud-infantil\/","title":{"rendered":"Este viernes, jornada de control de Salud Infantil"},"content":{"rendered":"\n<p>Ser\u00e1 en los barrios Bel\u00e9n, Eucaliptus, Isaura, Cuarteles y Mataderos y est\u00e1 destinada a ni\u00f1os y ni\u00f1as de hasta 13 a\u00f1os.<\/p>\n\n\n\n<hr class=\"wp-block-separator aligncenter has-alpha-channel-opacity\"\/>\n\n\n\n<p>El Municipio, a trav\u00e9s de la Subsecretar\u00eda de APS, inform\u00f3 que se llevar\u00e1 a cabo una <strong>jornada de control de la salud infantil <\/strong>en el<strong> CAPS N\u00b0 23 este viernes de 9 a 14 horas.<\/strong><\/p>\n\n\n\n<p><\/p>\n\n\n\n<blockquote class=\"wp-block-quote is-layout-flow wp-block-quote-is-layout-flow\">\n<p>Dicha jornada estar\u00e1 destinada a la ni\u00f1os y ni\u00f1as de hasta 13 a\u00f1os, de los Barrios Bel\u00e9n, Eucaliptus, Isaura, Cuarteles y Mataderos.<\/p>\n<\/blockquote>\n\n\n\n<p><\/p>\n\n\n\n<p>En esta ocasi\u00f3n,<strong> los controles se realizar\u00e1n a demanda, por orden de llegada<\/strong>. Consisten en evaluaciones m\u00e9dicas, odontol\u00f3gicas y actualizaci\u00f3n de esquemas de vacunaci\u00f3n, para lo cual<strong> se solicita concurrir con libreta sanitaria y DNI.<\/strong><\/p>\n\n\n\n<p><\/p>\n\n\n\n<p>Desde la subsecretar\u00eda de APS no s\u00f3lo se presta servicio en casos de enfermedad sino que tambi\u00e9n se trabaja desde la prevenci\u00f3n y la promoci\u00f3n de h\u00e1bitos saludables, por medio de este tipo de jornadas.<\/p>\n","protected":false},"excerpt":{"rendered":"<p>Ser\u00e1 en los barrios Bel\u00e9n, Eucaliptus, Isaura, Cuarteles y Mataderos y est\u00e1 destinada a ni\u00f1os y ni\u00f1as de hasta 13<\/p>\n","protected":false},"author":6,"featured_media":63327,"comment_status":"closed","ping_status":"closed","sticky":false,"template":"","format":"standard","meta":{"_jetpack_memberships_contains_paid_content":false,"footnotes":""},"categories":[5,1],"tags":[],"class_list":["post-117958","post","type-post","status-publish","format-standard","has-post-thumbnail","hentry","category-informacion-general","category-portada"],"jetpack_featured_media_url":"https:\/\/i0.wp.com\/cdnoticias.com\/wp-content\/uploads\/2022\/08\/DIB-vacunacion-ninos.jpg?fit=1024%2C682&ssl=1","jetpack_sharing_enabled":true,"_links":{"self":[{"href":"https:\/\/cdnoticias.com\/index.php\/wp-json\/wp\/v2\/posts\/117958","targetHints":{"allow":["GET"]}}],"collection":[{"href":"https:\/\/cdnoticias.com\/index.php\/wp-json\/wp\/v2\/posts"}],"about":[{"href":"https:\/\/cdnoticias.com\/index.php\/wp-json\/wp\/v2\/types\/post"}],"author":[{"embeddable":true,"href":"https:\/\/cdnoticias.com\/index.php\/wp-json\/wp\/v2\/users\/6"}],"replies":[{"embeddable":true,"href":"https:\/\/cdnoticias.com\/index.php\/wp-json\/wp\/v2\/comments?post=117958"}],"version-history":[{"count":0,"href":"https:\/\/cdnoticias.com\/index.php\/wp-json\/wp\/v2\/posts\/117958\/revisions"}],"wp:featuredmedia":[{"embeddable":true,"href":"https:\/\/cdnoticias.com\/index.php\/wp-json\/wp\/v2\/media\/63327"}],"wp:attachment":[{"href":"https:\/\/cdnoticias.com\/index.php\/wp-json\/wp\/v2\/media?parent=117958"}],"wp:term":[{"taxonomy":"category","embeddable":true,"href":"https:\/\/cdnoticias.com\/index.php\/wp-json\/wp\/v2\/categories?post=117958"},{"taxonomy":"post_tag","embeddable":true,"href":"https:\/\/cdnoticias.com\/index.php\/wp-json\/wp\/v2\/tags?post=117958"}],"curies":[{"name":"wp","href":"https:\/\/api.w.org\/{rel}","templated":true}]}}