{"id":117903,"date":"2024-06-05T20:31:01","date_gmt":"2024-06-05T23:31:01","guid":{"rendered":"https:\/\/cdnoticias.com\/?p=117903"},"modified":"2024-06-05T20:31:04","modified_gmt":"2024-06-05T23:31:04","slug":"como-estara-el-tiempo-en-olavarria-este-jueves-6-de-junio","status":"publish","type":"post","link":"https:\/\/cdnoticias.com\/index.php\/2024\/06\/05\/como-estara-el-tiempo-en-olavarria-este-jueves-6-de-junio\/","title":{"rendered":"C\u00f3mo estar\u00e1 el tiempo en Olavarr\u00eda este jueves 6 de junio"},"content":{"rendered":"\n<p>El d\u00eda presentar\u00e1 con mucha niebla por la madrugada, la ma\u00f1ana y la noche, mientras que en la tarde habr\u00e1 cielos parcialmente nublados. Aqu\u00ed te dejamos la previsi\u00f3n del tiempo para que puedas planificar tu jornada.<\/p>\n\n\n\n<hr class=\"wp-block-separator aligncenter has-alpha-channel-opacity\"\/>\n\n\n\n<p><strong>Durante la madrugada, se espera la formaci\u00f3n de niebla, una tendencia marcada durante gran parte de la jornada.<\/strong> La temperatura ser\u00e1 de alrededor de 7\u00b0C, con vientos leves provenientes del noroeste (NO), soplando entre 7 y 12 km\/h.<\/p>\n\n\n\n<p><strong>En la ma\u00f1ana, la niebla persistir\u00e1, con una temperatura que bajar\u00e1 a 5\u00b0C<\/strong> y vientos del noroeste (NO) manteni\u00e9ndose en el rango de 7 a 12 km\/h.<\/p>\n\n\n\n<p>En horas de la<strong> tarde, el cielo estar\u00e1 parcialmente nublado. La temperatura alcanzar\u00e1 un m\u00e1ximo de 16\u00b0C,<\/strong> con vientos del noroeste (NO) soplando entre 7 y 12 km\/h.<\/p>\n\n\n\n<p>Para la noche, <strong>la niebla volver\u00e1 a hacerse presente. La temperatura descender\u00e1 a unos 11\u00b0C, y los vientos cambiar\u00e1n de direcci\u00f3n hacia el suroeste (SO), soplando entre 0 y 2 km\/h.<\/strong><\/p>\n\n\n\n<p>Ser\u00e1 un jueves con temperaturas frescas y condiciones de niebla en Olavarr\u00eda.<strong> Aunque no se esperan precipitaciones, la niebla podr\u00eda afectar la visibilidad, especialmente en la madrugada, la ma\u00f1ana y la noche, por lo que se recomienda tomar precauciones al conducir.<\/strong><\/p>\n","protected":false},"excerpt":{"rendered":"<p>El d\u00eda presentar\u00e1 con mucha niebla por la madrugada, la ma\u00f1ana y la noche, mientras que en la tarde habr\u00e1<\/p>\n","protected":false},"author":2,"featured_media":87240,"comment_status":"closed","ping_status":"closed","sticky":false,"template":"","format":"standard","meta":{"_jetpack_memberships_contains_paid_content":false,"footnotes":""},"categories":[5],"tags":[],"class_list":["post-117903","post","type-post","status-publish","format-standard","has-post-thumbnail","hentry","category-informacion-general"],"jetpack_featured_media_url":"https:\/\/i0.wp.com\/cdnoticias.com\/wp-content\/uploads\/2023\/06\/niebla-01.jpg?fit=742%2C445&ssl=1","jetpack_sharing_enabled":true,"_links":{"self":[{"href":"https:\/\/cdnoticias.com\/index.php\/wp-json\/wp\/v2\/posts\/117903","targetHints":{"allow":["GET"]}}],"collection":[{"href":"https:\/\/cdnoticias.com\/index.php\/wp-json\/wp\/v2\/posts"}],"about":[{"href":"https:\/\/cdnoticias.com\/index.php\/wp-json\/wp\/v2\/types\/post"}],"author":[{"embeddable":true,"href":"https:\/\/cdnoticias.com\/index.php\/wp-json\/wp\/v2\/users\/2"}],"replies":[{"embeddable":true,"href":"https:\/\/cdnoticias.com\/index.php\/wp-json\/wp\/v2\/comments?post=117903"}],"version-history":[{"count":0,"href":"https:\/\/cdnoticias.com\/index.php\/wp-json\/wp\/v2\/posts\/117903\/revisions"}],"wp:featuredmedia":[{"embeddable":true,"href":"https:\/\/cdnoticias.com\/index.php\/wp-json\/wp\/v2\/media\/87240"}],"wp:attachment":[{"href":"https:\/\/cdnoticias.com\/index.php\/wp-json\/wp\/v2\/media?parent=117903"}],"wp:term":[{"taxonomy":"category","embeddable":true,"href":"https:\/\/cdnoticias.com\/index.php\/wp-json\/wp\/v2\/categories?post=117903"},{"taxonomy":"post_tag","embeddable":true,"href":"https:\/\/cdnoticias.com\/index.php\/wp-json\/wp\/v2\/tags?post=117903"}],"curies":[{"name":"wp","href":"https:\/\/api.w.org\/{rel}","templated":true}]}}