{"id":117856,"date":"2024-06-05T17:30:03","date_gmt":"2024-06-05T20:30:03","guid":{"rendered":"https:\/\/cdnoticias.com\/?p=117856"},"modified":"2024-06-05T20:15:36","modified_gmt":"2024-06-05T23:15:36","slug":"el-impacto-que-tiene-el-alquiler-en-el-salario-es-altisimo","status":"publish","type":"post","link":"https:\/\/cdnoticias.com\/index.php\/2024\/06\/05\/el-impacto-que-tiene-el-alquiler-en-el-salario-es-altisimo\/","title":{"rendered":"\u201cEl impacto que tiene el alquiler en el salario es alt\u00edsimo\u201d"},"content":{"rendered":"\n<p>Maximiliano Vittar, del Movimiento de Inquilinos a nivel nacional, analiz\u00f3 la situaci\u00f3n tras el DNU de Milei que derog\u00f3 la Ley de Alquileres. Adem\u00e1s habl\u00f3 de los cr\u00e9ditos hipotecarios UVA.<\/p>\n\n\n\n<hr class=\"wp-block-separator has-alpha-channel-opacity\"\/>\n\n\n\n<p>El coordinador del <strong>Movimiento de Inquilinos a nivel nacional, Maximiliano Vittar<\/strong> habl\u00f3 con el programa <em>Levantate (Radio Sapiens) <\/em>para analizar la situaci\u00f3n actual respecto a los alquileres.<\/p>\n\n\n\n<p><\/p>\n\n\n\n<p>Vittar sali\u00f3 al cruce de algunas publicaciones que reflejaron un informe de la Direcci\u00f3n General de Estad\u00edsticas y Censo del Gobierno porte\u00f1o sobre el mercado de alquileres en CABA. Estas notas, resaltaron que tras el<strong> DNU que derog\u00f3 la Ley de Alquileres,<\/strong> los valores se <strong>desaceleraron <\/strong>en relaci\u00f3n con el trimestre anterior y que <strong>aument\u00f3 la oferta.<\/strong><\/p>\n\n\n\n<p><\/p>\n\n\n\n<p>Se\u00f1al\u00f3 que esos art\u00edculos ofrecen una \u201c<strong>visi\u00f3n parcializada <\/strong>para justificar situaciones o seguir atacando una Ley que actualmente est\u00e1 derogada de manera inconstitucional\u201d y asegur\u00f3 que \u201cla realidad es que hoy ten\u00e9s una mayor oferta \u2013hablando de CABA- porque ten encontr\u00e1s con mucho menos turismo y esos alquileres temporarios se vuelcan nuevamente al mercado\u201d.<\/p>\n\n\n\n<p><\/p>\n\n\n\n<p>Adem\u00e1s, Vittar indic\u00f3 que \u201cpor m\u00e1s que haya m\u00e1s oferta, que los precios est\u00e9n por debajo de lo que son los aumentos por inflaci\u00f3n, <strong>no es que los inquilinos no quieren pagar, sino que no pueden pagar<\/strong>\u201d.<\/p>\n\n\n\n<p><\/p>\n\n\n\n<blockquote class=\"wp-block-quote is-layout-flow wp-block-quote-is-layout-flow\">\n<p>\u201cNo es que los inquilinos no est\u00e1n eligiendo pagar o est\u00e1n eligiendo hacinarse para generar una tensi\u00f3n y que el propietario baje el precio. El impacto que hoy est\u00e1 teniendo el alquiler en el salario promedio de un inquilino o una inquilina es alt\u00edsimo\u201d, afirm\u00f3 Vittar.<\/p>\n<\/blockquote>\n\n\n\n<p><\/p>\n\n\n\n<p>\u201cLo que se trata de introducir en constantes notas son <strong>los aparentes beneficios de la derogaci\u00f3n de la ley de alquileres, que no son tales.<\/strong> Primero no pod\u00e9s discutir si funciona o no una ley, si al que no la cumple no le pasa nada. Y segundo, ten\u00e9s una situaci\u00f3n macroecon\u00f3mica medianamente estable, un d\u00f3lar que no tiene una brecha tan grande y bueno obviamente que la relaci\u00f3n va a tener este resultado que hubiera surgido estando tambi\u00e9n la ley de alquileres\u201d, detall\u00f3.<\/p>\n\n\n\n<p><\/p>\n\n\n\n<blockquote class=\"wp-block-quote is-layout-flow wp-block-quote-is-layout-flow\">\n<p>\u201cCuando nosotros hablamos de la crisis habitacional es que la gente hoy en d\u00eda no solamente est\u00e1 estresada porque puede llegar a quedarse sin laburo, sino que se puede quedar en la calle con la familia\u201d, lanz\u00f3 Vittar.<\/p>\n<\/blockquote>\n\n\n\n<p><\/p>\n\n\n\n<p>En ese sentido, se\u00f1al\u00f3 que el relanzamiento de los <strong>cr\u00e9ditos UVA <\/strong>para la compra de la primera vivienda <strong>\u201ctampoco est\u00e1 siendo hoy la soluci\u00f3n\u201d <\/strong>debido a las condiciones que plantean. \u201cTen\u00e9s que tener un sueldo de 3 millones de pesos para una cuota de 700 mil pesos y un ahora de 20 mil d\u00f3lares\u201d.<\/p>\n","protected":false},"excerpt":{"rendered":"<p>Maximiliano Vittar, del Movimiento de Inquilinos a nivel nacional, analiz\u00f3 la situaci\u00f3n tras el DNU de Milei que derog\u00f3 la<\/p>\n","protected":false},"author":2,"featured_media":117860,"comment_status":"closed","ping_status":"closed","sticky":false,"template":"","format":"standard","meta":{"_jetpack_memberships_contains_paid_content":false,"footnotes":""},"categories":[5,1],"tags":[],"class_list":["post-117856","post","type-post","status-publish","format-standard","has-post-thumbnail","hentry","category-informacion-general","category-portada"],"jetpack_featured_media_url":"https:\/\/i0.wp.com\/cdnoticias.com\/wp-content\/uploads\/2024\/06\/maxresdefault.jpg?fit=800%2C445&ssl=1","jetpack_sharing_enabled":true,"_links":{"self":[{"href":"https:\/\/cdnoticias.com\/index.php\/wp-json\/wp\/v2\/posts\/117856","targetHints":{"allow":["GET"]}}],"collection":[{"href":"https:\/\/cdnoticias.com\/index.php\/wp-json\/wp\/v2\/posts"}],"about":[{"href":"https:\/\/cdnoticias.com\/index.php\/wp-json\/wp\/v2\/types\/post"}],"author":[{"embeddable":true,"href":"https:\/\/cdnoticias.com\/index.php\/wp-json\/wp\/v2\/users\/2"}],"replies":[{"embeddable":true,"href":"https:\/\/cdnoticias.com\/index.php\/wp-json\/wp\/v2\/comments?post=117856"}],"version-history":[{"count":0,"href":"https:\/\/cdnoticias.com\/index.php\/wp-json\/wp\/v2\/posts\/117856\/revisions"}],"wp:featuredmedia":[{"embeddable":true,"href":"https:\/\/cdnoticias.com\/index.php\/wp-json\/wp\/v2\/media\/117860"}],"wp:attachment":[{"href":"https:\/\/cdnoticias.com\/index.php\/wp-json\/wp\/v2\/media?parent=117856"}],"wp:term":[{"taxonomy":"category","embeddable":true,"href":"https:\/\/cdnoticias.com\/index.php\/wp-json\/wp\/v2\/categories?post=117856"},{"taxonomy":"post_tag","embeddable":true,"href":"https:\/\/cdnoticias.com\/index.php\/wp-json\/wp\/v2\/tags?post=117856"}],"curies":[{"name":"wp","href":"https:\/\/api.w.org\/{rel}","templated":true}]}}