{"id":117850,"date":"2024-06-05T11:14:09","date_gmt":"2024-06-05T14:14:09","guid":{"rendered":"https:\/\/cdnoticias.com\/?p=117850"},"modified":"2024-06-05T17:30:22","modified_gmt":"2024-06-05T20:30:22","slug":"concejales-pro-erf-no-continuar-con-giro-es-retroceder-en-una-politica-indispensable","status":"publish","type":"post","link":"https:\/\/cdnoticias.com\/index.php\/2024\/06\/05\/concejales-pro-erf-no-continuar-con-giro-es-retroceder-en-una-politica-indispensable\/","title":{"rendered":"Concejales Pro + ERF: \u201cNo continuar con GIRO es retroceder en una pol\u00edtica indispensable\u201d"},"content":{"rendered":"<p>La bancada se pronunci\u00f3 en el marco del D\u00eda Mundial del Medio Ambiente que se conmemora este mi\u00e9rcoles. Destacaron que es un \u201cprograma que hoy sostienen los vecinos, habituados ya a separar la basura\u201d.<!--more--><\/p>\n<hr \/>\n<p><strong>Concejales del bloque Pro + ERF<\/strong> reafirmaron la<strong> importancia del Programa GIRO<\/strong> en la pol\u00edtica ambiental de Olavarr\u00eda en el marco del <strong>D\u00eda Mundial del Medio Ambiente<\/strong> que se conmemora este 5 de junio.<\/p>\n<p><strong>\u201cFue un trabajo de muchos a\u00f1os y con toda la comunidad.<\/strong> El sistema de recolecci\u00f3n diferenciada permite separar los residuos en tres corrientes: reciclables, compostables y basura\u201d indicaron.<\/p>\n<blockquote><p>En este sentido sostuvieron que \u201cdesde principio de a\u00f1o queremos saber qu\u00e9 pasa con GIRO. No tenemos respuestas ni sabemos c\u00f3mo sigue. No lo sabemos nosotros ni tampoco los vecinos, que nos comparten la misma incertidumbre\u201d.<\/p><\/blockquote>\n<p>Asimismo, remarcaron que <strong>\u201cpor estas horas <a href=\"https:\/\/cdnoticias.com\/index.php\/2024\/06\/02\/en-el-semestre-de-ordenar\/\" target=\"_blank\" rel=\"noopener\">le\u00edmos en los medios de comunicaci\u00f3n<\/a> que no ser\u00eda intenci\u00f3n del Gobierno Municipal renovar el contrato<\/strong> y que incluso los trabajadores ya recibieron notificaci\u00f3n del cese de actividades, qued\u00e1ndose de esta forma sin trabajo. <strong>Creemos que ese no es el camino: Olavarr\u00eda ya hab\u00eda incorporado ese h\u00e1bito y es una pol\u00edtica ambiental indispensable para los a\u00f1os que vendr\u00e1n\u201d<\/strong>.<\/p>\n<p>El bloque record\u00f3 que <strong>GIRO comenz\u00f3 en 2021<\/strong> con una prueba piloto en tres barrios. <strong>Para 2023, m\u00e1s de 31 mil hogares se hab\u00edan incorporado<\/strong> al sistema de recolecci\u00f3n diferenciada y quieren seguir haci\u00e9ndolo.<\/p>\n<figure id=\"attachment_117851\" aria-describedby=\"caption-attachment-117851\" style=\"width: 1000px\" class=\"wp-caption aligncenter\"><img data-recalc-dims=\"1\" loading=\"lazy\" decoding=\"async\" class=\"wp-image-117851 size-full\" src=\"https:\/\/i0.wp.com\/cdnoticias.com\/wp-content\/uploads\/2024\/06\/dia-del-medio-ambiente-PRO-residuos-separacion.jpg?resize=800%2C446&#038;ssl=1\" alt=\"\" width=\"800\" height=\"446\" srcset=\"https:\/\/i0.wp.com\/cdnoticias.com\/wp-content\/uploads\/2024\/06\/dia-del-medio-ambiente-PRO-residuos-separacion.jpg?w=1000&amp;ssl=1 1000w, https:\/\/i0.wp.com\/cdnoticias.com\/wp-content\/uploads\/2024\/06\/dia-del-medio-ambiente-PRO-residuos-separacion.jpg?resize=300%2C167&amp;ssl=1 300w, https:\/\/i0.wp.com\/cdnoticias.com\/wp-content\/uploads\/2024\/06\/dia-del-medio-ambiente-PRO-residuos-separacion.jpg?resize=768%2C428&amp;ssl=1 768w, https:\/\/i0.wp.com\/cdnoticias.com\/wp-content\/uploads\/2024\/06\/dia-del-medio-ambiente-PRO-residuos-separacion.jpg?resize=800%2C445&amp;ssl=1 800w\" sizes=\"auto, (max-width: 800px) 100vw, 800px\" \/><figcaption id=\"caption-attachment-117851\" class=\"wp-caption-text\">Este mi\u00e9rcoles se conmemora el D\u00eda Mundial del Medio Ambiente.<\/figcaption><\/figure>\n<blockquote><p>\u201cNo continuar con GIRO es retroceder en una pol\u00edtica indispensable\u201d resumieron los concejales su postura.<\/p><\/blockquote>\n<p><strong>\u201cOlavarr\u00eda se caracteriz\u00f3 por ser un Municipio de reconocidas pol\u00edticas p\u00fablicas ambientales que se han perpetuado y modificado el comportamiento de los vecinos a lo largo de los \u00faltimos 20 a\u00f1os.<\/strong> Talleres y charlas de formaci\u00f3n ambiental son parte de la agenda de la gran mayor\u00eda de las gestiones, y Olavarr\u00eda lleva a\u00f1os trabajando en la tem\u00e1tica\u201d resaltaron los concejales en el comunicado.<\/p>\n<p>Adem\u00e1s, tuvieron en cuenta que <strong>en los \u00faltimos a\u00f1os Olavarr\u00eda se sum\u00f3 a la Red Argentina de Municipios frente al Cambio Clim\u00e1tico<\/strong> (la RAMCC) <strong>y a la RENAMA (Red Nacional de Municipios y Comunidades que Fomentan la Agroecolog\u00eda)<\/strong>, tambi\u00e9n se implement\u00f3 el <strong>Vivero Forestal Municipal<\/strong>, se ampli\u00f3 el <strong>Relleno Sanitario<\/strong> (uno de los mejores del pa\u00eds, certificado bajo las normas ISO), se sumaron<strong> talleres de compostaje<\/strong>, se foment\u00f3 la<strong> desplastificaci\u00f3n y eliminaci\u00f3n de pl\u00e1sticos de \u00fanico uso<\/strong>, los <strong>comercios sustentables<\/strong> tuvieron certificaciones como agentes multiplicadores de las buenas pr\u00e1cticas ambientales y tambi\u00e9n implement\u00f3 (entre otras actividades) <strong>\u201clo que creemos fue una de las mejores propuestas desarrolladas en nuestra gesti\u00f3n: el Programa GIRO, destinado a fomentar la separaci\u00f3n en origen y recolecci\u00f3n diferenciada de residuos\u201d<\/strong>, enumeraron.<\/p>\n<p>\u201cUn programa con perspectiva ambiental por donde se lo mire, formador de conciencia y de educaci\u00f3n ambiental. <strong>Programa que hoy sostienen los vecinos, habituados ya a separar la basura.<\/strong> Una pol\u00edtica que seguimos pensando que lleg\u00f3 para quedarse, como todo h\u00e1bito sustentable y que contribuye al desarrollo de ciudades sostenibles\u201d, aseguraron.<\/p>\n<p>Por \u00faltimo, remarcaron que \u201cya lo dijimos al promover la <strong>preservaci\u00f3n de espacios como el Cerro Largo<\/strong>: la sostenibilidad y la sustentabilidad del ambiente deben ser el norte de nuestras acciones comunitarias. Se lo debemos a las pr\u00f3ximas generaciones. Tenemos que ser parte del cambio, comprometernos con las verdaderas causas que nos forjan e identifican como ciudadanos\u201d.<\/p>\n<blockquote><p>\u201cEl medio ambiente y nuestra pol\u00edtica era una realidad, con actos y hechos. Solicitamos que contin\u00faen estas pr\u00e1cticas, que brinden informaci\u00f3n oficial al respecto y que no se convierta la problem\u00e1tica ambiental en una cuesti\u00f3n \u00fanicamente discursiva\u201d, concluyeron los concejales del bloque Pro + ERF.<\/p><\/blockquote>\n","protected":false},"excerpt":{"rendered":"<p>La bancada se pronunci\u00f3 en el marco del D\u00eda Mundial del Medio Ambiente que se conmemora este mi\u00e9rcoles. Destacaron que<\/p>\n","protected":false},"author":4,"featured_media":117852,"comment_status":"closed","ping_status":"closed","sticky":false,"template":"","format":"standard","meta":{"_jetpack_memberships_contains_paid_content":false,"footnotes":""},"categories":[4,1],"tags":[],"class_list":["post-117850","post","type-post","status-publish","format-standard","has-post-thumbnail","hentry","category-politica","category-portada"],"jetpack_featured_media_url":"https:\/\/i0.wp.com\/cdnoticias.com\/wp-content\/uploads\/2024\/06\/HCD-bloque-Pro-00.jpg?fit=700%2C389&ssl=1","jetpack_sharing_enabled":true,"_links":{"self":[{"href":"https:\/\/cdnoticias.com\/index.php\/wp-json\/wp\/v2\/posts\/117850","targetHints":{"allow":["GET"]}}],"collection":[{"href":"https:\/\/cdnoticias.com\/index.php\/wp-json\/wp\/v2\/posts"}],"about":[{"href":"https:\/\/cdnoticias.com\/index.php\/wp-json\/wp\/v2\/types\/post"}],"author":[{"embeddable":true,"href":"https:\/\/cdnoticias.com\/index.php\/wp-json\/wp\/v2\/users\/4"}],"replies":[{"embeddable":true,"href":"https:\/\/cdnoticias.com\/index.php\/wp-json\/wp\/v2\/comments?post=117850"}],"version-history":[{"count":0,"href":"https:\/\/cdnoticias.com\/index.php\/wp-json\/wp\/v2\/posts\/117850\/revisions"}],"wp:featuredmedia":[{"embeddable":true,"href":"https:\/\/cdnoticias.com\/index.php\/wp-json\/wp\/v2\/media\/117852"}],"wp:attachment":[{"href":"https:\/\/cdnoticias.com\/index.php\/wp-json\/wp\/v2\/media?parent=117850"}],"wp:term":[{"taxonomy":"category","embeddable":true,"href":"https:\/\/cdnoticias.com\/index.php\/wp-json\/wp\/v2\/categories?post=117850"},{"taxonomy":"post_tag","embeddable":true,"href":"https:\/\/cdnoticias.com\/index.php\/wp-json\/wp\/v2\/tags?post=117850"}],"curies":[{"name":"wp","href":"https:\/\/api.w.org\/{rel}","templated":true}]}}