{"id":117841,"date":"2024-06-05T12:06:13","date_gmt":"2024-06-05T15:06:13","guid":{"rendered":"https:\/\/cdnoticias.com\/?p=117841"},"modified":"2024-06-05T19:00:52","modified_gmt":"2024-06-05T22:00:52","slug":"tres-hermanos-arrestados-por-robo-de-bloques","status":"publish","type":"post","link":"https:\/\/cdnoticias.com\/index.php\/2024\/06\/05\/tres-hermanos-arrestados-por-robo-de-bloques\/","title":{"rendered":"Tres hermanos, arrestados por robo de bloques"},"content":{"rendered":"<p>Los acusados tienen 19, 17 y 14 a\u00f1os. Con una carretilla, se hab\u00edan llevado los bloques de inmediaciones de calle 114 y 9 de Julio.<!--more--><\/p>\n<hr \/>\n<p><strong>Tres hermanos<\/strong> fueron <strong>arrestados<\/strong> en <strong>barrio Isaura<\/strong> acusados por el <strong>robo de bloques de construcci\u00f3n.<\/strong><\/p>\n<p>Seg\u00fan se inform\u00f3, <strong>efectivos policiales del CPO<\/strong> se dirigieron a<strong> calle 114 y 9 de Julio<\/strong>, donde hab\u00edan sido convocados a trav\u00e9s del 911.<\/p>\n<blockquote><p>All\u00ed dieron con tres hermanos quienes instantes antes habr\u00edan sustra\u00eddo los bloques utilizando una carretilla con bloques de construcci\u00f3n. Los acusados tienen 19, 17 y 14 a\u00f1os.<\/p><\/blockquote>\n<p><strong>El joven de 19 a\u00f1os qued\u00f3 aprehendido<\/strong>, alojado en la Comisar\u00eda Primera. Respecto de los <strong>dos menores de edad<\/strong>, desde la Comisar\u00eda Primera fueron <strong>entregados al Servicio Local<\/strong> por carecer de un adulto responsable.<\/p>\n<p>Las actuaciones se caratularon<strong> \u201churto infraganti\u201d<\/strong> y se dio intervenci\u00f3n a la UFI N\u00ba 17 de Azul del Fuero Penal Juvenil a cargo de la fiscal Mariela Viceconte.<\/p>\n","protected":false},"excerpt":{"rendered":"<p>Los acusados tienen 19, 17 y 14 a\u00f1os. Con una carretilla, se hab\u00edan llevado los bloques de inmediaciones de calle<\/p>\n","protected":false},"author":4,"featured_media":117843,"comment_status":"closed","ping_status":"closed","sticky":false,"template":"","format":"standard","meta":{"_jetpack_memberships_contains_paid_content":false,"footnotes":""},"categories":[14,1],"tags":[],"class_list":["post-117841","post","type-post","status-publish","format-standard","has-post-thumbnail","hentry","category-policiales","category-portada"],"jetpack_featured_media_url":"https:\/\/i0.wp.com\/cdnoticias.com\/wp-content\/uploads\/2024\/06\/114-y-9-de-julio-robo.jpg?fit=600%2C333&ssl=1","jetpack_sharing_enabled":true,"_links":{"self":[{"href":"https:\/\/cdnoticias.com\/index.php\/wp-json\/wp\/v2\/posts\/117841","targetHints":{"allow":["GET"]}}],"collection":[{"href":"https:\/\/cdnoticias.com\/index.php\/wp-json\/wp\/v2\/posts"}],"about":[{"href":"https:\/\/cdnoticias.com\/index.php\/wp-json\/wp\/v2\/types\/post"}],"author":[{"embeddable":true,"href":"https:\/\/cdnoticias.com\/index.php\/wp-json\/wp\/v2\/users\/4"}],"replies":[{"embeddable":true,"href":"https:\/\/cdnoticias.com\/index.php\/wp-json\/wp\/v2\/comments?post=117841"}],"version-history":[{"count":0,"href":"https:\/\/cdnoticias.com\/index.php\/wp-json\/wp\/v2\/posts\/117841\/revisions"}],"wp:featuredmedia":[{"embeddable":true,"href":"https:\/\/cdnoticias.com\/index.php\/wp-json\/wp\/v2\/media\/117843"}],"wp:attachment":[{"href":"https:\/\/cdnoticias.com\/index.php\/wp-json\/wp\/v2\/media?parent=117841"}],"wp:term":[{"taxonomy":"category","embeddable":true,"href":"https:\/\/cdnoticias.com\/index.php\/wp-json\/wp\/v2\/categories?post=117841"},{"taxonomy":"post_tag","embeddable":true,"href":"https:\/\/cdnoticias.com\/index.php\/wp-json\/wp\/v2\/tags?post=117841"}],"curies":[{"name":"wp","href":"https:\/\/api.w.org\/{rel}","templated":true}]}}